{"id":1306,"date":"2019-02-01T07:29:01","date_gmt":"2019-02-01T06:29:01","guid":{"rendered":"https:\/\/www.camp-pleinsoleil.ch\/histoire\/?p=1306"},"modified":"2019-03-08T07:52:35","modified_gmt":"2019-03-08T06:52:35","slug":"plein-soleil-sur-ravoire","status":"publish","type":"post","link":"https:\/\/www.camp-pleinsoleil.ch\/histoire\/plein-soleil-sur-ravoire\/","title":{"rendered":"Plein soleil sur Ravoire!"},"content":{"rendered":"\n<p>Emmen\u00e9e par un Comit\u00e9 de b\u00e9n\u00e9voles issues de la r\u00e9gion, la Colonie de Martigny \u00e0 Ravoire \u2013 Camp Plein Soleil poursuit sa mue amorc\u00e9e il y a pr\u00e8s de 10 ans. En effet, apr\u00e8s quelques mois de travaux, le b\u00e2timent est dot\u00e9 d\u2019un tout nouvel acc\u00e8s aux chambres depuis son ascenseur. Le passage par l\u2019ext\u00e9rieur pour desservir les \u00e9tages est maintenant int\u00e9rieur, au chaud et confortable, id\u00e9al pour accueillir nos futurs h\u00f4tes ainsi que les enfants du prochain s\u00e9jour organis\u00e9 durant les vacances de Carnaval.&nbsp;<em>\u00ab&nbsp;Avec ses derni\u00e8res modifications, nous terminons notre projet de modernisation de notre \u00e9tablissement et de diversification de l\u2019offre d\u2019accueil en toutes saisons&nbsp;\u00bb<\/em>, confirme Guillaume Bonvin, Pr\u00e9sident de l\u2019association.&nbsp;<em>\u00ab&nbsp;Nous prenons soin de cet objet qui nous permet d\u2019accueillir notre principale activit\u00e9, l\u2019organisation de nos 6 camps pour les jeunes de la r\u00e9gion&nbsp;\u00bb.<\/em><\/p>\n\n\n\n<p><strong>Les s\u00e9jours au c\u0153ur des activit\u00e9s de l\u2019association<\/strong><\/p>\n\n\n\n<p>Effectivement, si la Colonie accueille de nombreux groupes durant diff\u00e9rentes p\u00e9riodes de l\u2019ann\u00e9e, c\u2019est l\u2019organisation des camps pendant les vacances scolaires pour les enfants et les adolescents qui occupe les membres de l\u2019association.&nbsp;<em>\u00ab&nbsp;Au comit\u00e9 s\u2019ajoutent les nombreux ami-e-s de la Colonie, qui \u0153uvrent chaque saison pour la bonne tenue de nos camps&nbsp;\u00bb.&nbsp;<\/em>Et c\u2019est du s\u00e9rieux ! Le comit\u00e9 s\u2019occupe de l\u2019administration g\u00e9n\u00e9rale, des engagements et de la formation obligatoire de 3 jours dispens\u00e9e \u00e0 toutes les \u00e9quipes encadrantes. Les directeurs de chaque s\u00e9jour sont charg\u00e9s de choisir les th\u00e8mes, d\u2019\u00e9tablir avec les animateurs le programme et de veiller au bon d\u00e9roulement des camps, avec l\u2019appui de membres sp\u00e9cifiques du comit\u00e9. Guillaume Bonvin tient \u00e0 pr\u00e9ciser que&nbsp;<em>\u00ab&nbsp;la majorit\u00e9 des membres du Comit\u00e9 et des directeurs sont dans leur vie professionnelle des sp\u00e9cialistes de l\u2019enfance ce qui est un gage de qualit\u00e9&nbsp;\u00bb.<\/em><\/p>\n\n\n\n<p><strong>Pour rester \u00ab&nbsp;in&nbsp;\u00bb, il faut innover&nbsp;!<\/strong><\/p>\n\n\n\n<p>Pour ces prochaines ann\u00e9es, l\u2019\u00e9quipe de la Colonie mettra un accent particulier sur son offre de s\u00e9jours de vacances pour les jeunes. En effet, une grande r\u00e9flexion est men\u00e9e pour rester \u00ab\u00a0in\u00a0\u00bb et faire correspondre notre offre en mati\u00e8re d\u2019animation aux go\u00fbts des jeunes qui fr\u00e9quentent les diff\u00e9rents camps. C\u2019est le s\u00e9jour des Ados qui, cette ann\u00e9e, subira une mue bienvenue apr\u00e8s 11 ans sous la m\u00eame forme.\u00a0<em>\u00ab\u00a0Les jeunes ont \u00e9t\u00e9 sollicit\u00e9s durant la pr\u00e9c\u00e9dente \u00e9dition et leurs id\u00e9es ont largement nourri nos r\u00e9flexions\u00a0\u00bb.<\/em>\u00a0C\u2019est un programme remani\u00e9, de 10 jours au lieu de 7 et avec de nouvelles activit\u00e9s \u00e0 Ravoire qui attend donc les jeunes de 13 \u00e0 15 ans d\u00e8s cet \u00e9t\u00e9. D\u2019autres projets pour les autres camps sont d\u00e9j\u00e0 \u00e0 l\u2019\u00e9tude. \u00c0 suivre donc.<\/p>\n\n\n<div class=\"prettyFileList\"><a target=\"_blank\" class=\"prettylink pdf\" href=\"https:\/\/www.camp-pleinsoleil.ch\/histoire\/wp-content\/uploads\/2019\/03\/gazette01022019.pdf\">Gazette de Martigny du vendredi 1er f\u00e9vrier 2019 (PDF)<\/a><\/div>\n","protected":false},"excerpt":{"rendered":"<p>Emmen\u00e9e par un Comit\u00e9 de b\u00e9n\u00e9voles issues de la r\u00e9gion, la Colonie de Martigny \u00e0 Ravoire \u2013 Camp Plein Soleil poursuit sa mue amorc\u00e9e il y a pr\u00e8s de 10 ans. En effet, apr\u00e8s quelques mois de travaux, le b\u00e2timent &hellip; <a href=\"https:\/\/www.camp-pleinsoleil.ch\/histoire\/plein-soleil-sur-ravoire\/\">Continued<\/a><\/p>\n","protected":false},"author":1,"featured_media":1307,"comment_status":"closed","ping_status":"closed","sticky":false,"template":"","format":"standard","meta":{"footnotes":""},"categories":[23,20,28],"tags":[],"class_list":["post-1306","post","type-post","status-publish","format-standard","has-post-thumbnail","hentry","category-dans-la-presse","category-grands-travaux","category-la-gazette","dwtl normal"],"_links":{"self":[{"href":"https:\/\/www.camp-pleinsoleil.ch\/histoire\/wp-json\/wp\/v2\/posts\/1306","targetHints":{"allow":["GET"]}}],"collection":[{"href":"https:\/\/www.camp-pleinsoleil.ch\/histoire\/wp-json\/wp\/v2\/posts"}],"about":[{"href":"https:\/\/www.camp-pleinsoleil.ch\/histoire\/wp-json\/wp\/v2\/types\/post"}],"author":[{"embeddable":true,"href":"https:\/\/www.camp-pleinsoleil.ch\/histoire\/wp-json\/wp\/v2\/users\/1"}],"replies":[{"embeddable":true,"href":"https:\/\/www.camp-pleinsoleil.ch\/histoire\/wp-json\/wp\/v2\/comments?post=1306"}],"version-history":[{"count":3,"href":"https:\/\/www.camp-pleinsoleil.ch\/histoire\/wp-json\/wp\/v2\/posts\/1306\/revisions"}],"predecessor-version":[{"id":1338,"href":"https:\/\/www.camp-pleinsoleil.ch\/histoire\/wp-json\/wp\/v2\/posts\/1306\/revisions\/1338"}],"wp:featuredmedia":[{"embeddable":true,"href":"https:\/\/www.camp-pleinsoleil.ch\/histoire\/wp-json\/wp\/v2\/media\/1307"}],"wp:attachment":[{"href":"https:\/\/www.camp-pleinsoleil.ch\/histoire\/wp-json\/wp\/v2\/media?parent=1306"}],"wp:term":[{"taxonomy":"category","embeddable":true,"href":"https:\/\/www.camp-pleinsoleil.ch\/histoire\/wp-json\/wp\/v2\/categories?post=1306"},{"taxonomy":"post_tag","embeddable":true,"href":"https:\/\/www.camp-pleinsoleil.ch\/histoire\/wp-json\/wp\/v2\/tags?post=1306"}],"curies":[{"name":"wp","href":"https:\/\/api.w.org\/{rel}","templated":true}]}}