{"id":1311,"date":"2017-11-12T18:45:33","date_gmt":"2017-11-12T17:45:33","guid":{"rendered":"https:\/\/www.camp-pleinsoleil.ch\/histoire\/?p=1311"},"modified":"2019-03-08T07:49:05","modified_gmt":"2019-03-08T06:49:05","slug":"la-tempete-provoque-des-degats-en-valais","status":"publish","type":"post","link":"https:\/\/www.camp-pleinsoleil.ch\/histoire\/la-tempete-provoque-des-degats-en-valais\/","title":{"rendered":"La temp\u00eate provoque des d\u00e9g\u00e2ts en Valais"},"content":{"rendered":"\n<p>M\u00c9T\u00c9O&nbsp;La temp\u00eate qui traverse actuellement la Suisse romande a provoqu\u00e9 des d\u00e9g\u00e2ts mais \u00ab\u00a0rien de grave\u00a0\u00bb pour l&rsquo;instant selon la police.<\/p>\n\n\n\n<p class=\"row gallery-row\">Une temp\u00eate secoue actuellement la Suisse romande. En Valais, des d\u00e9g\u00e2ts ont \u00e9t\u00e9 constat\u00e9s pour l&rsquo;instant \u00e0&nbsp;Ravoire,&nbsp;Sion&nbsp;et&nbsp;Sierre. La police cantonale fait \u00e9tat d&rsquo;arbres qui sont tomb\u00e9s et de signalisations de chantiers qui se sont envol\u00e9es. \u00ab\u00a0Rien de grave en tous cas pour l&rsquo;instant. Les pompiers sont sur le terrain pour r\u00e9gler les probl\u00e8mes\u00a0\u00bb, rel\u00e8ve Christian Zuber, porte-parole de la police. Police qui suit tr\u00e8s attentivement la situation.&nbsp;<\/p>\n\n\n\n<ul class=\"wp-block-gallery columns-3 is-cropped wp-block-gallery-1 is-layout-flex wp-block-gallery-is-layout-flex\"><li class=\"blocks-gallery-item\"><figure><a href=\"https:\/\/www.camp-pleinsoleil.ch\/histoire\/wp-content\/uploads\/2019\/03\/23551019_1629701687073172_3802211623864847868_o-768x1024.jpg\"><img loading=\"lazy\" decoding=\"async\" width=\"768\" height=\"1024\" src=\"https:\/\/www.camp-pleinsoleil.ch\/histoire\/wp-content\/uploads\/2019\/03\/23551019_1629701687073172_3802211623864847868_o-768x1024.jpg\" alt=\"\" data-id=\"1317\" data-link=\"https:\/\/www.camp-pleinsoleil.ch\/histoire\/23551019_1629701687073172_3802211623864847868_o\/\" class=\"wp-image-1317\" srcset=\"https:\/\/www.camp-pleinsoleil.ch\/histoire\/wp-content\/uploads\/2019\/03\/23551019_1629701687073172_3802211623864847868_o.jpg 768w, https:\/\/www.camp-pleinsoleil.ch\/histoire\/wp-content\/uploads\/2019\/03\/23551019_1629701687073172_3802211623864847868_o-225x300.jpg 225w\" sizes=\"auto, (max-width: 768px) 100vw, 768px\" \/><\/a><\/figure><\/li><li class=\"blocks-gallery-item\"><figure><a href=\"https:\/\/www.camp-pleinsoleil.ch\/histoire\/wp-content\/uploads\/2019\/03\/3-1024x768.jpg\"><img loading=\"lazy\" decoding=\"async\" width=\"1024\" height=\"768\" src=\"https:\/\/www.camp-pleinsoleil.ch\/histoire\/wp-content\/uploads\/2019\/03\/3-1024x768.jpg\" alt=\"\" data-id=\"1316\" data-link=\"https:\/\/www.camp-pleinsoleil.ch\/histoire\/3-3\/\" class=\"wp-image-1316\" srcset=\"https:\/\/www.camp-pleinsoleil.ch\/histoire\/wp-content\/uploads\/2019\/03\/3-1024x768.jpg 1024w, https:\/\/www.camp-pleinsoleil.ch\/histoire\/wp-content\/uploads\/2019\/03\/3-300x225.jpg 300w, https:\/\/www.camp-pleinsoleil.ch\/histoire\/wp-content\/uploads\/2019\/03\/3-768x576.jpg 768w, https:\/\/www.camp-pleinsoleil.ch\/histoire\/wp-content\/uploads\/2019\/03\/3.jpg 2048w\" sizes=\"auto, (max-width: 1024px) 100vw, 1024px\" \/><\/a><\/figure><\/li><li class=\"blocks-gallery-item\"><figure><a href=\"https:\/\/www.camp-pleinsoleil.ch\/histoire\/wp-content\/uploads\/2019\/03\/2-768x1024.jpg\"><img loading=\"lazy\" decoding=\"async\" width=\"768\" height=\"1024\" src=\"https:\/\/www.camp-pleinsoleil.ch\/histoire\/wp-content\/uploads\/2019\/03\/2-768x1024.jpg\" alt=\"\" data-id=\"1315\" data-link=\"https:\/\/www.camp-pleinsoleil.ch\/histoire\/2-6\/\" class=\"wp-image-1315\" srcset=\"https:\/\/www.camp-pleinsoleil.ch\/histoire\/wp-content\/uploads\/2019\/03\/2-768x1024.jpg 768w, https:\/\/www.camp-pleinsoleil.ch\/histoire\/wp-content\/uploads\/2019\/03\/2-225x300.jpg 225w, https:\/\/www.camp-pleinsoleil.ch\/histoire\/wp-content\/uploads\/2019\/03\/2.jpg 1536w\" sizes=\"auto, (max-width: 768px) 100vw, 768px\" \/><\/a><\/figure><\/li><li class=\"blocks-gallery-item\"><figure><a href=\"https:\/\/www.camp-pleinsoleil.ch\/histoire\/wp-content\/uploads\/2019\/03\/1-1-1024x768.jpg\"><img loading=\"lazy\" decoding=\"async\" width=\"1024\" height=\"768\" src=\"https:\/\/www.camp-pleinsoleil.ch\/histoire\/wp-content\/uploads\/2019\/03\/1-1-1024x768.jpg\" alt=\"\" data-id=\"1314\" data-link=\"https:\/\/www.camp-pleinsoleil.ch\/histoire\/1-5\/\" class=\"wp-image-1314\" srcset=\"https:\/\/www.camp-pleinsoleil.ch\/histoire\/wp-content\/uploads\/2019\/03\/1-1-1024x768.jpg 1024w, https:\/\/www.camp-pleinsoleil.ch\/histoire\/wp-content\/uploads\/2019\/03\/1-1-300x225.jpg 300w, https:\/\/www.camp-pleinsoleil.ch\/histoire\/wp-content\/uploads\/2019\/03\/1-1-768x576.jpg 768w, https:\/\/www.camp-pleinsoleil.ch\/histoire\/wp-content\/uploads\/2019\/03\/1-1.jpg 2048w\" sizes=\"auto, (max-width: 1024px) 100vw, 1024px\" \/><\/a><\/figure><\/li><li class=\"blocks-gallery-item\"><figure><a href=\"https:\/\/www.camp-pleinsoleil.ch\/histoire\/wp-content\/uploads\/2019\/03\/23511329_1629701753739832_2808589973943482321_o-768x1024.jpg\"><img loading=\"lazy\" decoding=\"async\" width=\"768\" height=\"1024\" src=\"https:\/\/www.camp-pleinsoleil.ch\/histoire\/wp-content\/uploads\/2019\/03\/23511329_1629701753739832_2808589973943482321_o-768x1024.jpg\" alt=\"\" data-id=\"1312\" data-link=\"https:\/\/www.camp-pleinsoleil.ch\/histoire\/la-tempete-provoque-des-degats-en-valais\/23511329_1629701753739832_2808589973943482321_o\/\" class=\"wp-image-1312\" srcset=\"https:\/\/www.camp-pleinsoleil.ch\/histoire\/wp-content\/uploads\/2019\/03\/23511329_1629701753739832_2808589973943482321_o.jpg 768w, https:\/\/www.camp-pleinsoleil.ch\/histoire\/wp-content\/uploads\/2019\/03\/23511329_1629701753739832_2808589973943482321_o-225x300.jpg 225w\" sizes=\"auto, (max-width: 768px) 100vw, 768px\" \/><\/a><\/figure><\/li><\/ul>\n","protected":false},"excerpt":{"rendered":"<p>M\u00c9T\u00c9O&nbsp;La temp\u00eate qui traverse actuellement la Suisse romande a provoqu\u00e9 des d\u00e9g\u00e2ts mais \u00ab\u00a0rien de grave\u00a0\u00bb pour l&rsquo;instant selon la police. Une temp\u00eate secoue actuellement la Suisse romande. En Valais, des d\u00e9g\u00e2ts ont \u00e9t\u00e9 constat\u00e9s pour l&rsquo;instant \u00e0&nbsp;Ravoire,&nbsp;Sion&nbsp;et&nbsp;Sierre. La police &hellip; <a href=\"https:\/\/www.camp-pleinsoleil.ch\/histoire\/la-tempete-provoque-des-degats-en-valais\/\">Continued<\/a><\/p>\n","protected":false},"author":1,"featured_media":1312,"comment_status":"closed","ping_status":"closed","sticky":false,"template":"","format":"standard","meta":{"footnotes":""},"categories":[23,25],"tags":[],"class_list":["post-1311","post","type-post","status-publish","format-standard","has-post-thumbnail","hentry","category-dans-la-presse","category-nouvelliste","dwtl normal"],"_links":{"self":[{"href":"https:\/\/www.camp-pleinsoleil.ch\/histoire\/wp-json\/wp\/v2\/posts\/1311","targetHints":{"allow":["GET"]}}],"collection":[{"href":"https:\/\/www.camp-pleinsoleil.ch\/histoire\/wp-json\/wp\/v2\/posts"}],"about":[{"href":"https:\/\/www.camp-pleinsoleil.ch\/histoire\/wp-json\/wp\/v2\/types\/post"}],"author":[{"embeddable":true,"href":"https:\/\/www.camp-pleinsoleil.ch\/histoire\/wp-json\/wp\/v2\/users\/1"}],"replies":[{"embeddable":true,"href":"https:\/\/www.camp-pleinsoleil.ch\/histoire\/wp-json\/wp\/v2\/comments?post=1311"}],"version-history":[{"count":4,"href":"https:\/\/www.camp-pleinsoleil.ch\/histoire\/wp-json\/wp\/v2\/posts\/1311\/revisions"}],"predecessor-version":[{"id":1320,"href":"https:\/\/www.camp-pleinsoleil.ch\/histoire\/wp-json\/wp\/v2\/posts\/1311\/revisions\/1320"}],"wp:featuredmedia":[{"embeddable":true,"href":"https:\/\/www.camp-pleinsoleil.ch\/histoire\/wp-json\/wp\/v2\/media\/1312"}],"wp:attachment":[{"href":"https:\/\/www.camp-pleinsoleil.ch\/histoire\/wp-json\/wp\/v2\/media?parent=1311"}],"wp:term":[{"taxonomy":"category","embeddable":true,"href":"https:\/\/www.camp-pleinsoleil.ch\/histoire\/wp-json\/wp\/v2\/categories?post=1311"},{"taxonomy":"post_tag","embeddable":true,"href":"https:\/\/www.camp-pleinsoleil.ch\/histoire\/wp-json\/wp\/v2\/tags?post=1311"}],"curies":[{"name":"wp","href":"https:\/\/api.w.org\/{rel}","templated":true}]}}