{"id":1346,"date":"2020-05-28T07:18:00","date_gmt":"2020-05-28T05:18:00","guid":{"rendered":"https:\/\/www.camp-pleinsoleil.ch\/histoire\/?p=1346"},"modified":"2020-06-17T07:23:04","modified_gmt":"2020-06-17T05:23:04","slug":"coronavirus-les-jeunes-auront-leurs-vacances-cet-ete","status":"publish","type":"post","link":"https:\/\/www.camp-pleinsoleil.ch\/histoire\/coronavirus-les-jeunes-auront-leurs-vacances-cet-ete\/","title":{"rendered":"Coronavirus: les jeunes auront leurs vacances cet \u00e9t\u00e9"},"content":{"rendered":"\n<p><strong>Les camps, colonies et passeports vacances auront bien lieu, avec l\u2019application de mesures de s\u00e9curit\u00e9 et quelques restrictions. Notre tour d\u2019horizon.<\/strong><\/p>\n\n\n\n<p>Avec le nouveau programme de d\u00e9confinement, qui va autoriser, d\u00e8s le 6 juin, les manifestations regroupant jusqu\u2019\u00e0 300 personnes, les \u00e9v\u00e9nements comme les camps et colonies pourront se d\u00e9rouler cet \u00e9t\u00e9, pour autant que ces manifestations respectent les restrictions \u00e9dict\u00e9es par l\u2019Office f\u00e9d\u00e9ral de la sant\u00e9 publique.<\/p>\n\n\n\n<p>Parmi les nombreuses r\u00e9unions estivales de jeunes figurent les colonies. A Ravoire, le camp Plein Soleil proposera ses trois s\u00e9jours habituels (d\u00e9j\u00e0 tous complets), mais avec des changements. Guillaume Bonvin, pr\u00e9sident de la colonie de Ravoire: \u00abNous animerons nos camps, mais pas \u00e0 plein pot. C\u2019est au niveau des accompagnants que nous devons proc\u00e9der \u00e0 des changements, \u00e0 cause de la distanciation sociale. Mais le programme des animations sera le m\u00eame que les autres \u00e9t\u00e9s.\u00bb<\/p>\n\n\n\n<p>Au lieu des 80 enfants qui fr\u00e9quentent la colonie, il y en aura 50 lors du premier camp (fin juin), puis 60 au deuxi\u00e8me (d\u00e9but juillet). Le troisi\u00e8me rassemblement, \u00e0 la fin juillet, s\u2019effectuera avec l\u2019effectif complet. \u00abNous avons surtout chang\u00e9 notre programme pour le camp des ados, au mois d\u2019ao\u00fbt. Il sera moins long et nous \u00e9viterons les d\u00e9placements en Suisse romande pour concentrer les activit\u00e9s \u00e0 Ravoire.\u00bb<\/p>\n\n\n\n<h4 class=\"wp-block-heading\">Des adaptations et des annulations<\/h4>\n\n\n\n<p>A Martigny, le passeport-vacances se d\u00e9roulera cet \u00e9t\u00e9, comme \u00e0 l\u2019accoutum\u00e9e. Ainsi que le souligne Steve Chambovey, directeur du Centre de loisirs et culture (CLCM), le programme des animations Jeunesse adapt\u00e9 \u00e0 la nouvelle situation sera valid\u00e9 en cette fin de semaine par les autorit\u00e9s communales.<\/p>\n\n\n\n<p>Des camps plus petits ont aussi adapt\u00e9 leur offre, comme 1,2,3 nature \u2013 Ecole de la nature pour tous, qui propose des s\u00e9jours dans un chalet au-dessus de Morgins. \u00abS\u2019il y avait trop de restrictions, nous n\u2019aurions rien fait. L\u00e0, nous organiserons des camps avec huit enfants au maximum, au lieu de quinze\u00bb, explique la responsable, V\u00e9ronique Juilland-Michel.<\/p>\n\n\n\n<p>D\u2019autres structures ont d\u00e9cid\u00e9 d\u2019annuler, comme le camp sportif de Leytron, pr\u00e9vu \u00e0 la mi-juillet. \u00abNous avons d\u00fb le reporter \u00e0 l\u2019ann\u00e9e prochaine, car nous ne pouvions pas attendre l\u2019annonce des nouvelles mesures, \u00e0 la fin mai, pour prendre la d\u00e9cision\u00bb, explique l\u2019organisateur, Mathieu Carruzzo.&nbsp;<\/p>\n","protected":false},"excerpt":{"rendered":"<p>Les camps, colonies et passeports vacances auront bien lieu, avec l\u2019application de mesures de s\u00e9curit\u00e9 et quelques restrictions. Notre tour d\u2019horizon. Avec le nouveau programme de d\u00e9confinement, qui va autoriser, d\u00e8s le 6 juin, les manifestations regroupant jusqu\u2019\u00e0 300 personnes, &hellip; <a href=\"https:\/\/www.camp-pleinsoleil.ch\/histoire\/coronavirus-les-jeunes-auront-leurs-vacances-cet-ete\/\">Continued<\/a><\/p>\n","protected":false},"author":1,"featured_media":1347,"comment_status":"closed","ping_status":"closed","sticky":false,"template":"","format":"standard","meta":{"footnotes":""},"categories":[23,25],"tags":[],"class_list":["post-1346","post","type-post","status-publish","format-standard","has-post-thumbnail","hentry","category-dans-la-presse","category-nouvelliste","dwtl normal"],"_links":{"self":[{"href":"https:\/\/www.camp-pleinsoleil.ch\/histoire\/wp-json\/wp\/v2\/posts\/1346","targetHints":{"allow":["GET"]}}],"collection":[{"href":"https:\/\/www.camp-pleinsoleil.ch\/histoire\/wp-json\/wp\/v2\/posts"}],"about":[{"href":"https:\/\/www.camp-pleinsoleil.ch\/histoire\/wp-json\/wp\/v2\/types\/post"}],"author":[{"embeddable":true,"href":"https:\/\/www.camp-pleinsoleil.ch\/histoire\/wp-json\/wp\/v2\/users\/1"}],"replies":[{"embeddable":true,"href":"https:\/\/www.camp-pleinsoleil.ch\/histoire\/wp-json\/wp\/v2\/comments?post=1346"}],"version-history":[{"count":2,"href":"https:\/\/www.camp-pleinsoleil.ch\/histoire\/wp-json\/wp\/v2\/posts\/1346\/revisions"}],"predecessor-version":[{"id":1349,"href":"https:\/\/www.camp-pleinsoleil.ch\/histoire\/wp-json\/wp\/v2\/posts\/1346\/revisions\/1349"}],"wp:featuredmedia":[{"embeddable":true,"href":"https:\/\/www.camp-pleinsoleil.ch\/histoire\/wp-json\/wp\/v2\/media\/1347"}],"wp:attachment":[{"href":"https:\/\/www.camp-pleinsoleil.ch\/histoire\/wp-json\/wp\/v2\/media?parent=1346"}],"wp:term":[{"taxonomy":"category","embeddable":true,"href":"https:\/\/www.camp-pleinsoleil.ch\/histoire\/wp-json\/wp\/v2\/categories?post=1346"},{"taxonomy":"post_tag","embeddable":true,"href":"https:\/\/www.camp-pleinsoleil.ch\/histoire\/wp-json\/wp\/v2\/tags?post=1346"}],"curies":[{"name":"wp","href":"https:\/\/api.w.org\/{rel}","templated":true}]}}