{"id":1360,"date":"2021-03-05T11:14:00","date_gmt":"2021-03-05T10:14:00","guid":{"rendered":"https:\/\/www.camp-pleinsoleil.ch\/histoire\/?p=1360"},"modified":"2021-02-20T11:16:09","modified_gmt":"2021-02-20T10:16:09","slug":"une-colonie-presque-normale","status":"publish","type":"post","link":"https:\/\/www.camp-pleinsoleil.ch\/histoire\/une-colonie-presque-normale\/","title":{"rendered":"Une colonie \u00ab\u00a0presque\u00a0\u00bb normale"},"content":{"rendered":"\n<p><strong>Vingt-quatre enfants passent une semaine de vacances \u00abpresque\u00bb normale \u00e0 la colonie de Ravoire. Reportage en mode Covid.<\/strong><\/p>\n\n\n\n<p>Depuis dimanche dernier, vingt-quatre enfants de 8 \u00e0 11 ans, encadr\u00e9s par cinq moniteurs, passent leur semaine de vacances de&nbsp;Carnaval&nbsp;\u00e0 la colonie de Ravoire.<\/p>\n\n\n\n<p>Rien de r\u00e9volutionnaire a priori, si ce n\u2019est que cette semaine se d\u00e9roule en mode Covid, avec des conditions sanitaires strictes \u00e0 respecter et un plan de protection \u00e9tabli sous l\u2019\u00e9gide du d\u00e9l\u00e9gu\u00e9 valaisan \u00e0 la jeunesse.<\/p>\n\n\n\n<p>Les explications de Guillaume Bonvin, pr\u00e9sident de la colonie de Ravoire: \u00abL\u2019objectif de notre association \u00e9tant de proposer des activit\u00e9s pendant les vacances scolaires, nous estimons qu\u2019il est important de les conserver pendant cette p\u00e9riode difficile pour tous. Nous avons ainsi tout mis en \u0153uvre pour que ce camp permette de vraies vacances pour les enfants.\u00bb<\/p>\n\n\n\n<h5 class=\"wp-block-heading\">Un peu comme \u00e0 l\u2019\u00e9cole<\/h5>\n\n\n\n<p>Les visites sur place n\u2019\u00e9tant pas autoris\u00e9es, les participants \u00e0 ce camp hivernal vivent quasiment en autarcie. Nous avons ainsi effectu\u00e9 ce reportage \u00e0 distance, via la visioconf\u00e9rence, afin de voir comment il est possible de g\u00e9rer une colonie dans ces conditions peu ordinaires.<\/p>\n\n\n\n<p>Cette semaine, c\u2019est l\u2019enseignant Lo\u00efc Zanfagna qui assure le r\u00f4le de directeur de la colonie: \u00abEn fait, c\u2019est un peu comme \u00e0 l\u2019\u00e9cole, avec des moniteurs encadrants qui portent le masque en permanence et des enfants qui n\u2019en ont pas besoin. Nous sommes attentifs aux gestes barri\u00e8res et \u00e0 la d\u00e9sinfection, tant des mains que des locaux, mais les activit\u00e9s peuvent \u00eatre organis\u00e9es sans distanciation sociale entre les enfants.\u00bb<\/p>\n\n\n\n<p>On ajoutera que les cinq encadrants ont, de mani\u00e8re volontaire, effectu\u00e9 un test PCR, histoire de rassurer tout le monde.<\/p>\n\n\n\n<p>Concernant les activit\u00e9s, celles qui se d\u00e9roulaient \u00e0 l\u2019ext\u00e9rieur ont \u00e9t\u00e9 limit\u00e9es ou annul\u00e9es: \u00abLes enfants peuvent quand m\u00eame faire de la luge ou construire une cabane dans la for\u00eat avoisinante, mais il est vrai que l\u2019on revient un peu aux bases de la colonie avec beaucoup de jeux de soci\u00e9t\u00e9, des bricolages et de nouvelles activit\u00e9s originales, comme l\u2019escape game.\u00bb<\/p>\n\n\n\n<h5 class=\"wp-block-heading\">\u00abUne semaine tr\u00e8s sympathique\u00bb<\/h5>\n\n\n\n<p>Kendra, 9 ans et demi, en est \u00e0 son deuxi\u00e8me camp hivernal. Et elle en est plut\u00f4t satisfaite: \u00abJe regrette qu\u2019on ne puisse pas aller \u00e0 la piscine ou au bowling. Mais on a pu faire de la luge et les activit\u00e9s int\u00e9rieures sont plus vari\u00e9es, \u00e0 l\u2019exemple de la photo. On passe ainsi une semaine tr\u00e8s sympa, avec une bonne ambiance et de la bonne humeur.\u00bb<\/p>\n\n\n\n<p>M\u00eame avis pour Tom, 11 ans, qui en est \u00e0 sa cinqui\u00e8me semaine de colonie, mais la premi\u00e8re en hiver: \u00abIl n\u2019y a pas de jeux de piste et moins d\u2019activit\u00e9s en groupe, mais sinon, il s\u2019agit d\u2019une colonie tout \u00e0 fait normale. On est beaucoup moins que d\u2019habitude, mais je peux vous assurer qu\u2019il y a toujours autant de bruit \u00e0 l\u2019int\u00e9rieur.\u00bb<\/p>\n\n\n\n<p>Pour ce qui est des contraintes \u00e0 respecter, rien de sp\u00e9cial \u00e0 signaler pour Kendra et Tom: \u00abOn doit se laver r\u00e9guli\u00e8rement les mains, ce qui est le cas lors de chaque colonie, mais on doit plus souvent se d\u00e9sinfecter. Et si les moniteurs doivent porter le masque, cela ne change rien pour nous. Au final, on a droit \u00e0 une tr\u00e8s jolie semaine de vacances.\u00bb<\/p>\n\n\n<div class=\"prettyFileList\"><a target=\"_blank\" class=\"prettylink pdf\" href=\"https:\/\/www.camp-pleinsoleil.ch\/histoire\/wp-content\/uploads\/2021\/02\/nf-2021-02-19.pdf\">Nouvelliste du vendredi 19 f\u00e9vrier 2021 (PDF)<\/a><\/div>\n","protected":false},"excerpt":{"rendered":"<p>Vingt-quatre enfants passent une semaine de vacances \u00abpresque\u00bb normale \u00e0 la colonie de Ravoire. Reportage en mode Covid. Depuis dimanche dernier, vingt-quatre enfants de 8 \u00e0 11 ans, encadr\u00e9s par cinq moniteurs, passent leur semaine de vacances de&nbsp;Carnaval&nbsp;\u00e0 la colonie &hellip; <a href=\"https:\/\/www.camp-pleinsoleil.ch\/histoire\/une-colonie-presque-normale\/\">Continued<\/a><\/p>\n","protected":false},"author":1,"featured_media":1361,"comment_status":"closed","ping_status":"closed","sticky":false,"template":"","format":"standard","meta":{"footnotes":""},"categories":[21,23,25],"tags":[],"class_list":["post-1360","post","type-post","status-publish","format-standard","has-post-thumbnail","hentry","category-camps-de-vacances","category-dans-la-presse","category-nouvelliste","dwtl normal"],"_links":{"self":[{"href":"https:\/\/www.camp-pleinsoleil.ch\/histoire\/wp-json\/wp\/v2\/posts\/1360","targetHints":{"allow":["GET"]}}],"collection":[{"href":"https:\/\/www.camp-pleinsoleil.ch\/histoire\/wp-json\/wp\/v2\/posts"}],"about":[{"href":"https:\/\/www.camp-pleinsoleil.ch\/histoire\/wp-json\/wp\/v2\/types\/post"}],"author":[{"embeddable":true,"href":"https:\/\/www.camp-pleinsoleil.ch\/histoire\/wp-json\/wp\/v2\/users\/1"}],"replies":[{"embeddable":true,"href":"https:\/\/www.camp-pleinsoleil.ch\/histoire\/wp-json\/wp\/v2\/comments?post=1360"}],"version-history":[{"count":3,"href":"https:\/\/www.camp-pleinsoleil.ch\/histoire\/wp-json\/wp\/v2\/posts\/1360\/revisions"}],"predecessor-version":[{"id":1412,"href":"https:\/\/www.camp-pleinsoleil.ch\/histoire\/wp-json\/wp\/v2\/posts\/1360\/revisions\/1412"}],"wp:featuredmedia":[{"embeddable":true,"href":"https:\/\/www.camp-pleinsoleil.ch\/histoire\/wp-json\/wp\/v2\/media\/1361"}],"wp:attachment":[{"href":"https:\/\/www.camp-pleinsoleil.ch\/histoire\/wp-json\/wp\/v2\/media?parent=1360"}],"wp:term":[{"taxonomy":"category","embeddable":true,"href":"https:\/\/www.camp-pleinsoleil.ch\/histoire\/wp-json\/wp\/v2\/categories?post=1360"},{"taxonomy":"post_tag","embeddable":true,"href":"https:\/\/www.camp-pleinsoleil.ch\/histoire\/wp-json\/wp\/v2\/tags?post=1360"}],"curies":[{"name":"wp","href":"https:\/\/api.w.org\/{rel}","templated":true}]}}