{"id":1373,"date":"2023-07-15T19:52:00","date_gmt":"2023-07-15T17:52:00","guid":{"rendered":"https:\/\/www.camp-pleinsoleil.ch\/histoire\/?p=1373"},"modified":"2023-08-19T09:51:25","modified_gmt":"2023-08-19T07:51:25","slug":"reportage-a-la-colonie-du-telejournal-19h30-de-la-radio-television-suisse","status":"publish","type":"post","link":"https:\/\/www.camp-pleinsoleil.ch\/histoire\/reportage-a-la-colonie-du-telejournal-19h30-de-la-radio-television-suisse\/","title":{"rendered":"Reportage \u00e0 la Colonie du t\u00e9l\u00e9journal 19h30 de la Radio T\u00e9l\u00e9vision Suisse"},"content":{"rendered":"\n<iframe loading=\"lazy\" frameborder=\"0\" width=\"640\" height=\"360\"  src=\"https:\/\/player.vod2.infomaniak.com\/embed\/1jhvl2uql9byp\" allowfullscreen><\/iframe>\n\n\n\n<p>En colonie de vacances, les enfants lient de nouvelles amiti\u00e9s au contact de la nature. Reportage \u00e0 Ravoire (VS) diffus\u00e9 dans le cadre du 19h30, le t\u00e9l\u00e9journal de la Radio T\u00e9l\u00e9vision Suisse, le 15 juillet 2023. <\/p>\n","protected":false},"excerpt":{"rendered":"<p>En colonie de vacances, les enfants lient de nouvelles amiti\u00e9s au contact de la nature. Reportage \u00e0 Ravoire (VS) diffus\u00e9 dans le cadre du 19h30, le t\u00e9l\u00e9journal de la Radio T\u00e9l\u00e9vision Suisse, le 15 juillet 2023.<\/p>\n","protected":false},"author":1,"featured_media":0,"comment_status":"closed","ping_status":"closed","sticky":false,"template":"","format":"video","meta":{"footnotes":""},"categories":[21],"tags":[],"class_list":["post-1373","post","type-post","status-publish","format-video","hentry","category-camps-de-vacances","post_format-post-format-video","dwtl normal"],"_links":{"self":[{"href":"https:\/\/www.camp-pleinsoleil.ch\/histoire\/wp-json\/wp\/v2\/posts\/1373","targetHints":{"allow":["GET"]}}],"collection":[{"href":"https:\/\/www.camp-pleinsoleil.ch\/histoire\/wp-json\/wp\/v2\/posts"}],"about":[{"href":"https:\/\/www.camp-pleinsoleil.ch\/histoire\/wp-json\/wp\/v2\/types\/post"}],"author":[{"embeddable":true,"href":"https:\/\/www.camp-pleinsoleil.ch\/histoire\/wp-json\/wp\/v2\/users\/1"}],"replies":[{"embeddable":true,"href":"https:\/\/www.camp-pleinsoleil.ch\/histoire\/wp-json\/wp\/v2\/comments?post=1373"}],"version-history":[{"count":3,"href":"https:\/\/www.camp-pleinsoleil.ch\/histoire\/wp-json\/wp\/v2\/posts\/1373\/revisions"}],"predecessor-version":[{"id":1376,"href":"https:\/\/www.camp-pleinsoleil.ch\/histoire\/wp-json\/wp\/v2\/posts\/1373\/revisions\/1376"}],"wp:attachment":[{"href":"https:\/\/www.camp-pleinsoleil.ch\/histoire\/wp-json\/wp\/v2\/media?parent=1373"}],"wp:term":[{"taxonomy":"category","embeddable":true,"href":"https:\/\/www.camp-pleinsoleil.ch\/histoire\/wp-json\/wp\/v2\/categories?post=1373"},{"taxonomy":"post_tag","embeddable":true,"href":"https:\/\/www.camp-pleinsoleil.ch\/histoire\/wp-json\/wp\/v2\/tags?post=1373"}],"curies":[{"name":"wp","href":"https:\/\/api.w.org\/{rel}","templated":true}]}}