{"id":1378,"date":"2023-09-15T09:22:29","date_gmt":"2023-09-15T07:22:29","guid":{"rendered":"https:\/\/www.camp-pleinsoleil.ch\/histoire\/?p=1378"},"modified":"2023-09-16T15:14:09","modified_gmt":"2023-09-16T13:14:09","slug":"clin-doeil-de-noemie-schmidt","status":"publish","type":"post","link":"https:\/\/www.camp-pleinsoleil.ch\/histoire\/clin-doeil-de-noemie-schmidt\/","title":{"rendered":"Clin d&rsquo;\u0153il de No\u00e9mie Schmidt"},"content":{"rendered":"\n<p>Interview\u00e9e par<a rel=\"noreferrer noopener\" href=\"https:\/\/www.lenouvelliste.ch\/culture-loisirs\/cinema\/jai-toujours-aime-bosser-avec-les-jeunes-noemie-schmidt-educatrice-dans-la-serie-tv-delits-mineurs-1321985\" data-type=\"link\" data-id=\"https:\/\/www.lenouvelliste.ch\/culture-loisirs\/cinema\/jai-toujours-aime-bosser-avec-les-jeunes-noemie-schmidt-educatrice-dans-la-serie-tv-delits-mineurs-1321985\" target=\"_blank\"> le Nouvelliste le 13 septembre 2023<\/a> sur son r\u00f4le d&rsquo;\u00e9ducatrice dans la s\u00e9rie RTS \u00ab\u00a0D\u00e9lits mineurs\u00a0\u00bb l&rsquo;actrice valaisanne No\u00e9mie Schmidt se rappelle de son passage \u00e0 la Colonie de Ravoire. En effet, jouant aux c\u00f4t\u00e9s d&rsquo;adolescent-e-s dans la s\u00e9rie, elle souligne qu&rsquo;elle a toujours aim\u00e9 travailler avec des jeunes. <em>\u00ab\u00a0Quand j\u2019\u00e9tais \u00e9tudiante, je faisais des remplacements au cycle et j\u2019ai \u00e9t\u00e9 monitrice de colo \u00e0 Ravoire. J\u2019ai toujours aim\u00e9 bosser avec les jeunes, je trouve qu\u2019ils ont une vision particuli\u00e8re de la vie, ils n\u2019ont pas d\u2019ego mal plac\u00e9 et \u00e7a, sur un tournage, c\u2019est agr\u00e9able\u00a0\u00bb<\/em>. Merci pour ce clin d&rsquo;\u0153il \ud83d\ude09<\/p>\n","protected":false},"excerpt":{"rendered":"<p>Interview\u00e9e par le Nouvelliste le 13 septembre 2023 sur son r\u00f4le d&rsquo;\u00e9ducatrice dans la s\u00e9rie RTS \u00ab\u00a0D\u00e9lits mineurs\u00a0\u00bb l&rsquo;actrice valaisanne No\u00e9mie Schmidt se rappelle de son passage \u00e0 la Colonie de Ravoire. En effet, jouant aux c\u00f4t\u00e9s d&rsquo;adolescent-e-s dans la &hellip; <a href=\"https:\/\/www.camp-pleinsoleil.ch\/histoire\/clin-doeil-de-noemie-schmidt\/\">Continued<\/a><\/p>\n","protected":false},"author":1,"featured_media":1379,"comment_status":"closed","ping_status":"closed","sticky":false,"template":"","format":"standard","meta":{"footnotes":""},"categories":[23,25],"tags":[],"class_list":["post-1378","post","type-post","status-publish","format-standard","has-post-thumbnail","hentry","category-dans-la-presse","category-nouvelliste","dwtl normal"],"_links":{"self":[{"href":"https:\/\/www.camp-pleinsoleil.ch\/histoire\/wp-json\/wp\/v2\/posts\/1378","targetHints":{"allow":["GET"]}}],"collection":[{"href":"https:\/\/www.camp-pleinsoleil.ch\/histoire\/wp-json\/wp\/v2\/posts"}],"about":[{"href":"https:\/\/www.camp-pleinsoleil.ch\/histoire\/wp-json\/wp\/v2\/types\/post"}],"author":[{"embeddable":true,"href":"https:\/\/www.camp-pleinsoleil.ch\/histoire\/wp-json\/wp\/v2\/users\/1"}],"replies":[{"embeddable":true,"href":"https:\/\/www.camp-pleinsoleil.ch\/histoire\/wp-json\/wp\/v2\/comments?post=1378"}],"version-history":[{"count":2,"href":"https:\/\/www.camp-pleinsoleil.ch\/histoire\/wp-json\/wp\/v2\/posts\/1378\/revisions"}],"predecessor-version":[{"id":1381,"href":"https:\/\/www.camp-pleinsoleil.ch\/histoire\/wp-json\/wp\/v2\/posts\/1378\/revisions\/1381"}],"wp:featuredmedia":[{"embeddable":true,"href":"https:\/\/www.camp-pleinsoleil.ch\/histoire\/wp-json\/wp\/v2\/media\/1379"}],"wp:attachment":[{"href":"https:\/\/www.camp-pleinsoleil.ch\/histoire\/wp-json\/wp\/v2\/media?parent=1378"}],"wp:term":[{"taxonomy":"category","embeddable":true,"href":"https:\/\/www.camp-pleinsoleil.ch\/histoire\/wp-json\/wp\/v2\/categories?post=1378"},{"taxonomy":"post_tag","embeddable":true,"href":"https:\/\/www.camp-pleinsoleil.ch\/histoire\/wp-json\/wp\/v2\/tags?post=1378"}],"curies":[{"name":"wp","href":"https:\/\/api.w.org\/{rel}","templated":true}]}}