{"id":327,"date":"2014-07-01T00:00:53","date_gmt":"2014-06-30T22:00:53","guid":{"rendered":"https:\/\/www.camp-pleinsoleil.ch\/histoire\/?p=327"},"modified":"2016-05-17T23:02:38","modified_gmt":"2016-05-17T21:02:38","slug":"le-journal-de-canal-9-a-la-colonie","status":"publish","type":"post","link":"https:\/\/www.camp-pleinsoleil.ch\/histoire\/le-journal-de-canal-9-a-la-colonie\/","title":{"rendered":"Le Journal de Canal 9 \u00e0 la Colonie"},"content":{"rendered":"<p><iframe loading=\"lazy\" src=\"https:\/\/vod.infomaniak.com\/iframe.php?url=guillaumbonvin_vod\/colonie-18234\/mp4-322\/1.mp4&amp;player=3105&amp;vod=1746&amp;mobile=guillaumbonvin_vod\/colonie-18234\/mp4-322\/1.mp4&amp;preloadImage=guillaumbonvin_vod\/colonie-18234\/mp4-322\/1.jpg&amp;wmode=direct\" width=\"640\" height=\"360\" frameborder=\"0\"><\/iframe><\/p>\n<p>Fr\u00e9d\u00e9ric Filippin et Julien Maillard se sont rendus \u00e0 Ravoire, en dessus de Martigny. Ravoire et sa colonie de vacances, qui f\u00eatera bient\u00f4t ses 60 ans. Rencontre avec les 85 enfants du camp, \u00e2g\u00e9s de 6 \u00e0 12 ans, et avec leurs moniteurs.\u00a0Au programme: course de caisses \u00e0 savon et pr\u00e9paration du repas de midi.<\/p>\n","protected":false},"excerpt":{"rendered":"<p>Fr\u00e9d\u00e9ric Filippin et Julien Maillard se sont rendus \u00e0 Ravoire, en dessus de Martigny. Ravoire et sa colonie de vacances, qui f\u00eatera bient\u00f4t ses 60 ans. Rencontre avec les 85 enfants du camp, \u00e2g\u00e9s de 6 \u00e0 12 ans, et &hellip; <a href=\"https:\/\/www.camp-pleinsoleil.ch\/histoire\/le-journal-de-canal-9-a-la-colonie\/\">Continued<\/a><\/p>\n","protected":false},"author":1,"featured_media":0,"comment_status":"closed","ping_status":"closed","sticky":false,"template":"","format":"video","meta":{"footnotes":""},"categories":[1],"tags":[],"class_list":["post-327","post","type-post","status-publish","format-video","hentry","category-dates-cles","post_format-post-format-video","dwtl normal"],"_links":{"self":[{"href":"https:\/\/www.camp-pleinsoleil.ch\/histoire\/wp-json\/wp\/v2\/posts\/327","targetHints":{"allow":["GET"]}}],"collection":[{"href":"https:\/\/www.camp-pleinsoleil.ch\/histoire\/wp-json\/wp\/v2\/posts"}],"about":[{"href":"https:\/\/www.camp-pleinsoleil.ch\/histoire\/wp-json\/wp\/v2\/types\/post"}],"author":[{"embeddable":true,"href":"https:\/\/www.camp-pleinsoleil.ch\/histoire\/wp-json\/wp\/v2\/users\/1"}],"replies":[{"embeddable":true,"href":"https:\/\/www.camp-pleinsoleil.ch\/histoire\/wp-json\/wp\/v2\/comments?post=327"}],"version-history":[{"count":2,"href":"https:\/\/www.camp-pleinsoleil.ch\/histoire\/wp-json\/wp\/v2\/posts\/327\/revisions"}],"predecessor-version":[{"id":1407,"href":"https:\/\/www.camp-pleinsoleil.ch\/histoire\/wp-json\/wp\/v2\/posts\/327\/revisions\/1407"}],"wp:attachment":[{"href":"https:\/\/www.camp-pleinsoleil.ch\/histoire\/wp-json\/wp\/v2\/media?parent=327"}],"wp:term":[{"taxonomy":"category","embeddable":true,"href":"https:\/\/www.camp-pleinsoleil.ch\/histoire\/wp-json\/wp\/v2\/categories?post=327"},{"taxonomy":"post_tag","embeddable":true,"href":"https:\/\/www.camp-pleinsoleil.ch\/histoire\/wp-json\/wp\/v2\/tags?post=327"}],"curies":[{"name":"wp","href":"https:\/\/api.w.org\/{rel}","templated":true}]}}