{"id":351,"date":"2013-02-10T13:16:57","date_gmt":"2013-02-10T12:16:57","guid":{"rendered":"https:\/\/www.camp-pleinsoleil.ch\/histoire\/?p=351"},"modified":"2016-05-18T13:30:39","modified_gmt":"2016-05-18T11:30:39","slug":"premier-camp-en-dhiver","status":"publish","type":"post","link":"https:\/\/www.camp-pleinsoleil.ch\/histoire\/premier-camp-en-dhiver\/","title":{"rendered":"Premier camp d\u2019hiver"},"content":{"rendered":"<p style=\"text-align: justify;\">En 2013, la colonie de Ravoire innove et organise\u00a0son premier camp d\u2019hiver. Il s&rsquo;est d\u00e9roul\u00e9 du dimanche 10 au samedi 16 f\u00e9vrier 2013, durant les vacances de carnaval. Ce fut\u00a0un programme loin des pistes de ski, mais proche de la nature, qui a \u00e9t\u00e9\u00a0offert aux enfants, avec des balades \u00e0 raquettes, de la luge, des cr\u00e9ations d\u2019igloos, mais \u00e9galement la f\u00eate de carnaval, des matin\u00e9es \u00e0 la piscine, de l\u2019initiation au curling, du bowling et toutes les activit\u00e9s traditionnelles de la colonie (bricolages, sports, karaok\u00e9, boom, salle de jeux\u2026). Le succ\u00e8s fut au rendez-vous car depuis ce camp est inscrit au calendrier de la Colonie chaque ann\u00e9e.<\/p>\n<div class=\"gallery gallery-351-1\"><div class=\"row gallery-row\"><div class=\"col-xs-6 col-sm-3 col-lg-3\"><a data-lightbox-gallery=\"351\" title=\"\" class=\"thumbnail img-thumbnail\" href='https:\/\/www.camp-pleinsoleil.ch\/histoire\/wp-content\/uploads\/2016\/05\/112.jpg'><img loading=\"lazy\" decoding=\"async\" width=\"150\" height=\"150\" src=\"https:\/\/www.camp-pleinsoleil.ch\/histoire\/wp-content\/uploads\/2016\/05\/112-150x150.jpg\" class=\"attachment-thumbnail size-thumbnail\" alt=\"\" \/><\/a><\/div><div class=\"col-xs-6 col-sm-3 col-lg-3\"><a data-lightbox-gallery=\"351\" title=\"\" class=\"thumbnail img-thumbnail\" href='https:\/\/www.camp-pleinsoleil.ch\/histoire\/wp-content\/uploads\/2016\/05\/81.jpg'><img loading=\"lazy\" decoding=\"async\" width=\"150\" height=\"150\" src=\"https:\/\/www.camp-pleinsoleil.ch\/histoire\/wp-content\/uploads\/2016\/05\/81-150x150.jpg\" class=\"attachment-thumbnail size-thumbnail\" alt=\"\" \/><\/a><\/div><div class=\"col-xs-6 col-sm-3 col-lg-3\"><a data-lightbox-gallery=\"351\" title=\"\" class=\"thumbnail img-thumbnail\" href='https:\/\/www.camp-pleinsoleil.ch\/histoire\/wp-content\/uploads\/2016\/05\/52.jpg'><img loading=\"lazy\" decoding=\"async\" width=\"150\" height=\"150\" src=\"https:\/\/www.camp-pleinsoleil.ch\/histoire\/wp-content\/uploads\/2016\/05\/52-150x150.jpg\" class=\"attachment-thumbnail size-thumbnail\" alt=\"\" \/><\/a><\/div><div class=\"col-xs-6 col-sm-3 col-lg-3\"><a data-lightbox-gallery=\"351\" title=\"\" class=\"thumbnail img-thumbnail\" href='https:\/\/www.camp-pleinsoleil.ch\/histoire\/wp-content\/uploads\/2016\/05\/310.jpg'><img loading=\"lazy\" decoding=\"async\" width=\"150\" height=\"150\" src=\"https:\/\/www.camp-pleinsoleil.ch\/histoire\/wp-content\/uploads\/2016\/05\/310-150x150.jpg\" class=\"attachment-thumbnail size-thumbnail\" alt=\"\" \/><\/a><\/div><\/div><div class=\"row gallery-row\"><div class=\"col-xs-6 col-sm-3 col-lg-3\"><a data-lightbox-gallery=\"351\" title=\"\" class=\"thumbnail img-thumbnail\" href='https:\/\/www.camp-pleinsoleil.ch\/histoire\/wp-content\/uploads\/2016\/05\/210.jpg'><img loading=\"lazy\" decoding=\"async\" width=\"150\" height=\"150\" src=\"https:\/\/www.camp-pleinsoleil.ch\/histoire\/wp-content\/uploads\/2016\/05\/210-150x150.jpg\" class=\"attachment-thumbnail size-thumbnail\" alt=\"\" \/><\/a><\/div><\/div><\/div>\n","protected":false},"excerpt":{"rendered":"<p>En 2013, la colonie de Ravoire innove et organise\u00a0son premier camp d\u2019hiver. Il s&rsquo;est d\u00e9roul\u00e9 du dimanche 10 au samedi 16 f\u00e9vrier 2013, durant les vacances de carnaval. Ce fut\u00a0un programme loin des pistes de ski, mais proche de la &hellip; <a href=\"https:\/\/www.camp-pleinsoleil.ch\/histoire\/premier-camp-en-dhiver\/\">Continued<\/a><\/p>\n","protected":false},"author":1,"featured_media":357,"comment_status":"closed","ping_status":"closed","sticky":false,"template":"","format":"image","meta":{"footnotes":""},"categories":[21,1],"tags":[],"class_list":["post-351","post","type-post","status-publish","format-image","has-post-thumbnail","hentry","category-camps-de-vacances","category-dates-cles","post_format-post-format-image","dwtl full"],"_links":{"self":[{"href":"https:\/\/www.camp-pleinsoleil.ch\/histoire\/wp-json\/wp\/v2\/posts\/351","targetHints":{"allow":["GET"]}}],"collection":[{"href":"https:\/\/www.camp-pleinsoleil.ch\/histoire\/wp-json\/wp\/v2\/posts"}],"about":[{"href":"https:\/\/www.camp-pleinsoleil.ch\/histoire\/wp-json\/wp\/v2\/types\/post"}],"author":[{"embeddable":true,"href":"https:\/\/www.camp-pleinsoleil.ch\/histoire\/wp-json\/wp\/v2\/users\/1"}],"replies":[{"embeddable":true,"href":"https:\/\/www.camp-pleinsoleil.ch\/histoire\/wp-json\/wp\/v2\/comments?post=351"}],"version-history":[{"count":3,"href":"https:\/\/www.camp-pleinsoleil.ch\/histoire\/wp-json\/wp\/v2\/posts\/351\/revisions"}],"predecessor-version":[{"id":360,"href":"https:\/\/www.camp-pleinsoleil.ch\/histoire\/wp-json\/wp\/v2\/posts\/351\/revisions\/360"}],"wp:featuredmedia":[{"embeddable":true,"href":"https:\/\/www.camp-pleinsoleil.ch\/histoire\/wp-json\/wp\/v2\/media\/357"}],"wp:attachment":[{"href":"https:\/\/www.camp-pleinsoleil.ch\/histoire\/wp-json\/wp\/v2\/media?parent=351"}],"wp:term":[{"taxonomy":"category","embeddable":true,"href":"https:\/\/www.camp-pleinsoleil.ch\/histoire\/wp-json\/wp\/v2\/categories?post=351"},{"taxonomy":"post_tag","embeddable":true,"href":"https:\/\/www.camp-pleinsoleil.ch\/histoire\/wp-json\/wp\/v2\/tags?post=351"}],"curies":[{"name":"wp","href":"https:\/\/api.w.org\/{rel}","templated":true}]}}