{"id":481,"date":"1972-07-01T09:51:35","date_gmt":"1972-07-01T08:51:35","guid":{"rendered":"https:\/\/www.camp-pleinsoleil.ch\/histoire\/?p=481"},"modified":"2016-05-28T09:55:58","modified_gmt":"2016-05-28T07:55:58","slug":"mixitee","status":"publish","type":"post","link":"https:\/\/www.camp-pleinsoleil.ch\/histoire\/mixitee\/","title":{"rendered":"D\u00e9but de la mixit\u00e9 !"},"content":{"rendered":"<p>Introduction de la mixit\u00e9 durant les s\u00e9jours d&rsquo;\u00e9t\u00e9. Filles et gar\u00e7ons seront enfin m\u00e9lang\u00e9s pour les deux s\u00e9jours d&rsquo;une dur\u00e9e de trois semaines. Non seulement les temps changent, mais il faut aussi pouvoir remplir les s\u00e9jours et celui des filles connaissait quelques difficult\u00e9s, tandis qu&rsquo;on refusait plusieurs\u00a0gar\u00e7ons l&rsquo;\u00e9t\u00e9.<\/p>\n","protected":false},"excerpt":{"rendered":"<p>Introduction de la mixit\u00e9 durant les s\u00e9jours d&rsquo;\u00e9t\u00e9. Filles et gar\u00e7ons seront enfin m\u00e9lang\u00e9s pour les deux s\u00e9jours d&rsquo;une dur\u00e9e de trois semaines. Non seulement les temps changent, mais il faut aussi pouvoir remplir les s\u00e9jours et celui des filles &hellip; <a href=\"https:\/\/www.camp-pleinsoleil.ch\/histoire\/mixitee\/\">Continued<\/a><\/p>\n","protected":false},"author":1,"featured_media":0,"comment_status":"closed","ping_status":"closed","sticky":false,"template":"","format":"standard","meta":{"footnotes":""},"categories":[1],"tags":[],"class_list":["post-481","post","type-post","status-publish","format-standard","hentry","category-dates-cles","dwtl normal"],"_links":{"self":[{"href":"https:\/\/www.camp-pleinsoleil.ch\/histoire\/wp-json\/wp\/v2\/posts\/481","targetHints":{"allow":["GET"]}}],"collection":[{"href":"https:\/\/www.camp-pleinsoleil.ch\/histoire\/wp-json\/wp\/v2\/posts"}],"about":[{"href":"https:\/\/www.camp-pleinsoleil.ch\/histoire\/wp-json\/wp\/v2\/types\/post"}],"author":[{"embeddable":true,"href":"https:\/\/www.camp-pleinsoleil.ch\/histoire\/wp-json\/wp\/v2\/users\/1"}],"replies":[{"embeddable":true,"href":"https:\/\/www.camp-pleinsoleil.ch\/histoire\/wp-json\/wp\/v2\/comments?post=481"}],"version-history":[{"count":3,"href":"https:\/\/www.camp-pleinsoleil.ch\/histoire\/wp-json\/wp\/v2\/posts\/481\/revisions"}],"predecessor-version":[{"id":484,"href":"https:\/\/www.camp-pleinsoleil.ch\/histoire\/wp-json\/wp\/v2\/posts\/481\/revisions\/484"}],"wp:attachment":[{"href":"https:\/\/www.camp-pleinsoleil.ch\/histoire\/wp-json\/wp\/v2\/media?parent=481"}],"wp:term":[{"taxonomy":"category","embeddable":true,"href":"https:\/\/www.camp-pleinsoleil.ch\/histoire\/wp-json\/wp\/v2\/categories?post=481"},{"taxonomy":"post_tag","embeddable":true,"href":"https:\/\/www.camp-pleinsoleil.ch\/histoire\/wp-json\/wp\/v2\/tags?post=481"}],"curies":[{"name":"wp","href":"https:\/\/api.w.org\/{rel}","templated":true}]}}