{"id":615,"date":"2016-05-30T18:12:04","date_gmt":"2016-05-30T16:12:04","guid":{"rendered":"https:\/\/www.coloniederavoire.ch\/histoire\/?p=615"},"modified":"2016-05-30T21:04:54","modified_gmt":"2016-05-30T19:04:54","slug":"les-dicodeurs-a-la-colonie-de-ravoire","status":"publish","type":"post","link":"https:\/\/www.camp-pleinsoleil.ch\/histoire\/les-dicodeurs-a-la-colonie-de-ravoire\/","title":{"rendered":"Les Dicodeurs \u00e0 la Colonie de Ravoire"},"content":{"rendered":"<p style=\"text-align: justify;\">Cette semaine, le village de Ravoire et la commune de Martigny-Combe sont \u00e0 l\u2019honneur sur les ondes de la Radio romande. Laurence Bisang et toute l\u2019\u00e9quipe des \u00abDicodeurs\u00bb ont en effet pos\u00e9 micros et mat\u00e9riel technique \u00e0 la colonie Plein Soleil qui f\u00eatera <strong>son 60e anniversaire le 11 juin prochain<\/strong>. Et \u00e0 cette occasion, c\u2019est notre coll\u00e8gue Christian Michellod, pr\u00e9sident et \u00abp\u00e8re\u00bb de la fondation Moi pour toit, qui est pass\u00e9 \u00e0 la moulinette des dicodeurs Bruno Coppens, S\u00e9bastien Mella, Didier Gendraud et du r\u00e9gional de l\u2019\u00e9tape Daniel Rausis.<\/p>\n<p style=\"text-align: justify;\">La touche musicale \u00e9tant apport\u00e9e par une autre enfant du pays, Sandrine Viglino. De la bonne humeur en perspective d\u00e8s ce lundi 30 mai et jusqu\u2019au vendredi 3 juin, de 11 h 30 \u00e0 12 h 30, sur la 1re.<\/p>\n<ul>\n<li><a href=\"http:\/\/www.rts.ch\/la-1ere\/programmes\/les-dicodeurs\/\" target=\"_blank\">La page des Dicodeurs<\/a><\/li>\n<\/ul>\n<div class=\"gallery gallery-615-1\"><div class=\"row gallery-row\"><div class=\"col-xs-6 col-sm-3 col-lg-3\"><a data-lightbox-gallery=\"615\" title=\"\" class=\"thumbnail img-thumbnail\" href='https:\/\/www.camp-pleinsoleil.ch\/histoire\/wp-content\/uploads\/2016\/05\/IMG_9312.jpg'><img loading=\"lazy\" decoding=\"async\" width=\"150\" height=\"150\" src=\"https:\/\/www.camp-pleinsoleil.ch\/histoire\/wp-content\/uploads\/2016\/05\/IMG_9312-150x150.jpg\" class=\"attachment-thumbnail size-thumbnail\" alt=\"\" \/><\/a><\/div><div class=\"col-xs-6 col-sm-3 col-lg-3\"><a data-lightbox-gallery=\"615\" title=\"\" class=\"thumbnail img-thumbnail\" href='https:\/\/www.camp-pleinsoleil.ch\/histoire\/wp-content\/uploads\/2016\/05\/IMG_9302.jpg'><img loading=\"lazy\" decoding=\"async\" width=\"150\" height=\"150\" src=\"https:\/\/www.camp-pleinsoleil.ch\/histoire\/wp-content\/uploads\/2016\/05\/IMG_9302-150x150.jpg\" class=\"attachment-thumbnail size-thumbnail\" alt=\"\" \/><\/a><\/div><div class=\"col-xs-6 col-sm-3 col-lg-3\"><a data-lightbox-gallery=\"615\" title=\"\" class=\"thumbnail img-thumbnail\" href='https:\/\/www.camp-pleinsoleil.ch\/histoire\/wp-content\/uploads\/2016\/05\/IMG_0922.jpg'><img loading=\"lazy\" decoding=\"async\" width=\"150\" height=\"150\" src=\"https:\/\/www.camp-pleinsoleil.ch\/histoire\/wp-content\/uploads\/2016\/05\/IMG_0922-150x150.jpg\" class=\"attachment-thumbnail size-thumbnail\" alt=\"\" \/><\/a><\/div><div class=\"col-xs-6 col-sm-3 col-lg-3\"><a data-lightbox-gallery=\"615\" title=\"\" class=\"thumbnail img-thumbnail\" href='https:\/\/www.camp-pleinsoleil.ch\/histoire\/wp-content\/uploads\/2016\/05\/IMG_9304.jpg'><img loading=\"lazy\" decoding=\"async\" width=\"150\" height=\"150\" src=\"https:\/\/www.camp-pleinsoleil.ch\/histoire\/wp-content\/uploads\/2016\/05\/IMG_9304-150x150.jpg\" class=\"attachment-thumbnail size-thumbnail\" alt=\"\" srcset=\"https:\/\/www.camp-pleinsoleil.ch\/histoire\/wp-content\/uploads\/2016\/05\/IMG_9304-150x150.jpg 150w, https:\/\/www.camp-pleinsoleil.ch\/histoire\/wp-content\/uploads\/2016\/05\/IMG_9304-300x300.jpg 300w, https:\/\/www.camp-pleinsoleil.ch\/histoire\/wp-content\/uploads\/2016\/05\/IMG_9304-768x768.jpg 768w, https:\/\/www.camp-pleinsoleil.ch\/histoire\/wp-content\/uploads\/2016\/05\/IMG_9304.jpg 800w\" sizes=\"auto, (max-width: 150px) 100vw, 150px\" \/><\/a><\/div><\/div><div class=\"row gallery-row\"><div class=\"col-xs-6 col-sm-3 col-lg-3\"><a data-lightbox-gallery=\"615\" title=\"\" class=\"thumbnail img-thumbnail\" href='https:\/\/www.camp-pleinsoleil.ch\/histoire\/wp-content\/uploads\/2016\/05\/IMG_9306.jpg'><img loading=\"lazy\" decoding=\"async\" width=\"150\" height=\"150\" src=\"https:\/\/www.camp-pleinsoleil.ch\/histoire\/wp-content\/uploads\/2016\/05\/IMG_9306-150x150.jpg\" class=\"attachment-thumbnail size-thumbnail\" alt=\"\" srcset=\"https:\/\/www.camp-pleinsoleil.ch\/histoire\/wp-content\/uploads\/2016\/05\/IMG_9306-150x150.jpg 150w, https:\/\/www.camp-pleinsoleil.ch\/histoire\/wp-content\/uploads\/2016\/05\/IMG_9306-300x300.jpg 300w, https:\/\/www.camp-pleinsoleil.ch\/histoire\/wp-content\/uploads\/2016\/05\/IMG_9306-768x768.jpg 768w, https:\/\/www.camp-pleinsoleil.ch\/histoire\/wp-content\/uploads\/2016\/05\/IMG_9306.jpg 800w\" sizes=\"auto, (max-width: 150px) 100vw, 150px\" \/><\/a><\/div><div class=\"col-xs-6 col-sm-3 col-lg-3\"><a data-lightbox-gallery=\"615\" title=\"\" class=\"thumbnail img-thumbnail\" href='https:\/\/www.camp-pleinsoleil.ch\/histoire\/wp-content\/uploads\/2016\/05\/IMG_0932.jpg'><img loading=\"lazy\" decoding=\"async\" width=\"150\" height=\"150\" src=\"https:\/\/www.camp-pleinsoleil.ch\/histoire\/wp-content\/uploads\/2016\/05\/IMG_0932-150x150.jpg\" class=\"attachment-thumbnail size-thumbnail\" alt=\"\" \/><\/a><\/div><div class=\"col-xs-6 col-sm-3 col-lg-3\"><a data-lightbox-gallery=\"615\" title=\"\" class=\"thumbnail img-thumbnail\" href='https:\/\/www.camp-pleinsoleil.ch\/histoire\/wp-content\/uploads\/2016\/05\/IMG_0934.jpg'><img loading=\"lazy\" decoding=\"async\" width=\"150\" height=\"150\" src=\"https:\/\/www.camp-pleinsoleil.ch\/histoire\/wp-content\/uploads\/2016\/05\/IMG_0934-150x150.jpg\" class=\"attachment-thumbnail size-thumbnail\" alt=\"\" \/><\/a><\/div><div class=\"col-xs-6 col-sm-3 col-lg-3\"><a data-lightbox-gallery=\"615\" title=\"\" class=\"thumbnail img-thumbnail\" href='https:\/\/www.camp-pleinsoleil.ch\/histoire\/wp-content\/uploads\/2016\/05\/IMG_9298.jpg'><img loading=\"lazy\" decoding=\"async\" width=\"150\" height=\"150\" src=\"https:\/\/www.camp-pleinsoleil.ch\/histoire\/wp-content\/uploads\/2016\/05\/IMG_9298-150x150.jpg\" class=\"attachment-thumbnail size-thumbnail\" alt=\"\" \/><\/a><\/div><\/div><div class=\"row gallery-row\"><div class=\"col-xs-6 col-sm-3 col-lg-3\"><a data-lightbox-gallery=\"615\" title=\"\" class=\"thumbnail img-thumbnail\" href='https:\/\/www.camp-pleinsoleil.ch\/histoire\/wp-content\/uploads\/2016\/05\/IMG_0924.jpg'><img loading=\"lazy\" decoding=\"async\" width=\"150\" height=\"150\" src=\"https:\/\/www.camp-pleinsoleil.ch\/histoire\/wp-content\/uploads\/2016\/05\/IMG_0924-150x150.jpg\" class=\"attachment-thumbnail size-thumbnail\" alt=\"\" \/><\/a><\/div><div class=\"col-xs-6 col-sm-3 col-lg-3\"><a data-lightbox-gallery=\"615\" title=\"\" class=\"thumbnail img-thumbnail\" href='https:\/\/www.camp-pleinsoleil.ch\/histoire\/wp-content\/uploads\/2016\/05\/IMG_9313.jpg'><img loading=\"lazy\" decoding=\"async\" width=\"150\" height=\"150\" src=\"https:\/\/www.camp-pleinsoleil.ch\/histoire\/wp-content\/uploads\/2016\/05\/IMG_9313-150x150.jpg\" class=\"attachment-thumbnail size-thumbnail\" alt=\"\" \/><\/a><\/div><div class=\"col-xs-6 col-sm-3 col-lg-3\"><a data-lightbox-gallery=\"615\" title=\"\" class=\"thumbnail img-thumbnail\" href='https:\/\/www.camp-pleinsoleil.ch\/histoire\/wp-content\/uploads\/2016\/05\/IMG_9310.jpg'><img loading=\"lazy\" decoding=\"async\" width=\"150\" height=\"150\" src=\"https:\/\/www.camp-pleinsoleil.ch\/histoire\/wp-content\/uploads\/2016\/05\/IMG_9310-150x150.jpg\" class=\"attachment-thumbnail size-thumbnail\" alt=\"\" srcset=\"https:\/\/www.camp-pleinsoleil.ch\/histoire\/wp-content\/uploads\/2016\/05\/IMG_9310-150x150.jpg 150w, https:\/\/www.camp-pleinsoleil.ch\/histoire\/wp-content\/uploads\/2016\/05\/IMG_9310-300x300.jpg 300w, https:\/\/www.camp-pleinsoleil.ch\/histoire\/wp-content\/uploads\/2016\/05\/IMG_9310-768x768.jpg 768w, https:\/\/www.camp-pleinsoleil.ch\/histoire\/wp-content\/uploads\/2016\/05\/IMG_9310.jpg 800w\" sizes=\"auto, (max-width: 150px) 100vw, 150px\" \/><\/a><\/div><div class=\"col-xs-6 col-sm-3 col-lg-3\"><a data-lightbox-gallery=\"615\" title=\"\" class=\"thumbnail img-thumbnail\" href='https:\/\/www.camp-pleinsoleil.ch\/histoire\/wp-content\/uploads\/2016\/05\/IMG_9303.jpg'><img loading=\"lazy\" decoding=\"async\" width=\"150\" height=\"150\" src=\"https:\/\/www.camp-pleinsoleil.ch\/histoire\/wp-content\/uploads\/2016\/05\/IMG_9303-150x150.jpg\" class=\"attachment-thumbnail size-thumbnail\" alt=\"\" \/><\/a><\/div><\/div><div class=\"row gallery-row\"><div class=\"col-xs-6 col-sm-3 col-lg-3\"><a data-lightbox-gallery=\"615\" title=\"\" class=\"thumbnail img-thumbnail\" href='https:\/\/www.camp-pleinsoleil.ch\/histoire\/wp-content\/uploads\/2016\/05\/IMG_0933.jpg'><img loading=\"lazy\" decoding=\"async\" width=\"150\" height=\"150\" src=\"https:\/\/www.camp-pleinsoleil.ch\/histoire\/wp-content\/uploads\/2016\/05\/IMG_0933-150x150.jpg\" class=\"attachment-thumbnail size-thumbnail\" alt=\"\" \/><\/a><\/div><div class=\"col-xs-6 col-sm-3 col-lg-3\"><a data-lightbox-gallery=\"615\" title=\"\" class=\"thumbnail img-thumbnail\" href='https:\/\/www.camp-pleinsoleil.ch\/histoire\/wp-content\/uploads\/2016\/05\/IMG_9300.jpg'><img loading=\"lazy\" decoding=\"async\" width=\"150\" height=\"150\" src=\"https:\/\/www.camp-pleinsoleil.ch\/histoire\/wp-content\/uploads\/2016\/05\/IMG_9300-150x150.jpg\" class=\"attachment-thumbnail size-thumbnail\" alt=\"\" \/><\/a><\/div><div class=\"col-xs-6 col-sm-3 col-lg-3\"><a data-lightbox-gallery=\"615\" title=\"\" class=\"thumbnail img-thumbnail\" href='https:\/\/www.camp-pleinsoleil.ch\/histoire\/wp-content\/uploads\/2016\/05\/IMG_0931.jpg'><img loading=\"lazy\" decoding=\"async\" width=\"150\" height=\"150\" src=\"https:\/\/www.camp-pleinsoleil.ch\/histoire\/wp-content\/uploads\/2016\/05\/IMG_0931-150x150.jpg\" class=\"attachment-thumbnail size-thumbnail\" alt=\"\" \/><\/a><\/div><div class=\"col-xs-6 col-sm-3 col-lg-3\"><a data-lightbox-gallery=\"615\" title=\"\" class=\"thumbnail img-thumbnail\" href='https:\/\/www.camp-pleinsoleil.ch\/histoire\/wp-content\/uploads\/2016\/05\/IMG_9309.jpg'><img loading=\"lazy\" decoding=\"async\" width=\"150\" height=\"150\" src=\"https:\/\/www.camp-pleinsoleil.ch\/histoire\/wp-content\/uploads\/2016\/05\/IMG_9309-150x150.jpg\" class=\"attachment-thumbnail size-thumbnail\" alt=\"\" srcset=\"https:\/\/www.camp-pleinsoleil.ch\/histoire\/wp-content\/uploads\/2016\/05\/IMG_9309-150x150.jpg 150w, https:\/\/www.camp-pleinsoleil.ch\/histoire\/wp-content\/uploads\/2016\/05\/IMG_9309-300x300.jpg 300w, https:\/\/www.camp-pleinsoleil.ch\/histoire\/wp-content\/uploads\/2016\/05\/IMG_9309-768x768.jpg 768w, https:\/\/www.camp-pleinsoleil.ch\/histoire\/wp-content\/uploads\/2016\/05\/IMG_9309.jpg 800w\" sizes=\"auto, (max-width: 150px) 100vw, 150px\" \/><\/a><\/div><\/div><div class=\"row gallery-row\"><div class=\"col-xs-6 col-sm-3 col-lg-3\"><a data-lightbox-gallery=\"615\" title=\"\" class=\"thumbnail img-thumbnail\" href='https:\/\/www.camp-pleinsoleil.ch\/histoire\/wp-content\/uploads\/2016\/05\/IMG_9307.jpg'><img loading=\"lazy\" decoding=\"async\" width=\"150\" height=\"150\" src=\"https:\/\/www.camp-pleinsoleil.ch\/histoire\/wp-content\/uploads\/2016\/05\/IMG_9307-150x150.jpg\" class=\"attachment-thumbnail size-thumbnail\" alt=\"\" srcset=\"https:\/\/www.camp-pleinsoleil.ch\/histoire\/wp-content\/uploads\/2016\/05\/IMG_9307-150x150.jpg 150w, https:\/\/www.camp-pleinsoleil.ch\/histoire\/wp-content\/uploads\/2016\/05\/IMG_9307-300x300.jpg 300w, https:\/\/www.camp-pleinsoleil.ch\/histoire\/wp-content\/uploads\/2016\/05\/IMG_9307-768x768.jpg 768w, https:\/\/www.camp-pleinsoleil.ch\/histoire\/wp-content\/uploads\/2016\/05\/IMG_9307.jpg 800w\" sizes=\"auto, (max-width: 150px) 100vw, 150px\" \/><\/a><\/div><div class=\"col-xs-6 col-sm-3 col-lg-3\"><a data-lightbox-gallery=\"615\" title=\"\" class=\"thumbnail img-thumbnail\" href='https:\/\/www.camp-pleinsoleil.ch\/histoire\/wp-content\/uploads\/2016\/05\/IMG_9299.jpg'><img loading=\"lazy\" decoding=\"async\" width=\"150\" height=\"150\" src=\"https:\/\/www.camp-pleinsoleil.ch\/histoire\/wp-content\/uploads\/2016\/05\/IMG_9299-150x150.jpg\" class=\"attachment-thumbnail size-thumbnail\" alt=\"\" \/><\/a><\/div><div class=\"col-xs-6 col-sm-3 col-lg-3\"><a data-lightbox-gallery=\"615\" title=\"\" class=\"thumbnail img-thumbnail\" href='https:\/\/www.camp-pleinsoleil.ch\/histoire\/wp-content\/uploads\/2016\/05\/IMG_0929.jpg'><img loading=\"lazy\" decoding=\"async\" width=\"150\" height=\"150\" src=\"https:\/\/www.camp-pleinsoleil.ch\/histoire\/wp-content\/uploads\/2016\/05\/IMG_0929-150x150.jpg\" class=\"attachment-thumbnail size-thumbnail\" alt=\"\" \/><\/a><\/div><div class=\"col-xs-6 col-sm-3 col-lg-3\"><a data-lightbox-gallery=\"615\" title=\"\" class=\"thumbnail img-thumbnail\" href='https:\/\/www.camp-pleinsoleil.ch\/histoire\/wp-content\/uploads\/2016\/05\/IMG_0930.jpg'><img loading=\"lazy\" decoding=\"async\" width=\"150\" height=\"150\" src=\"https:\/\/www.camp-pleinsoleil.ch\/histoire\/wp-content\/uploads\/2016\/05\/IMG_0930-150x150.jpg\" class=\"attachment-thumbnail size-thumbnail\" alt=\"\" \/><\/a><\/div><\/div><div class=\"row gallery-row\"><div class=\"col-xs-6 col-sm-3 col-lg-3\"><a data-lightbox-gallery=\"615\" title=\"\" class=\"thumbnail img-thumbnail\" href='https:\/\/www.camp-pleinsoleil.ch\/histoire\/wp-content\/uploads\/2016\/05\/7753032.jpg'><img loading=\"lazy\" decoding=\"async\" width=\"150\" height=\"150\" src=\"https:\/\/www.camp-pleinsoleil.ch\/histoire\/wp-content\/uploads\/2016\/05\/7753032-150x150.jpg\" class=\"attachment-thumbnail size-thumbnail\" alt=\"\" \/><\/a><\/div><div class=\"col-xs-6 col-sm-3 col-lg-3\"><a data-lightbox-gallery=\"615\" title=\"\" class=\"thumbnail img-thumbnail\" href='https:\/\/www.camp-pleinsoleil.ch\/histoire\/wp-content\/uploads\/2016\/05\/IMG_9305.jpg'><img loading=\"lazy\" decoding=\"async\" width=\"150\" height=\"150\" src=\"https:\/\/www.camp-pleinsoleil.ch\/histoire\/wp-content\/uploads\/2016\/05\/IMG_9305-150x150.jpg\" class=\"attachment-thumbnail size-thumbnail\" alt=\"\" srcset=\"https:\/\/www.camp-pleinsoleil.ch\/histoire\/wp-content\/uploads\/2016\/05\/IMG_9305-150x150.jpg 150w, https:\/\/www.camp-pleinsoleil.ch\/histoire\/wp-content\/uploads\/2016\/05\/IMG_9305-300x300.jpg 300w, https:\/\/www.camp-pleinsoleil.ch\/histoire\/wp-content\/uploads\/2016\/05\/IMG_9305-768x768.jpg 768w, https:\/\/www.camp-pleinsoleil.ch\/histoire\/wp-content\/uploads\/2016\/05\/IMG_9305.jpg 800w\" sizes=\"auto, (max-width: 150px) 100vw, 150px\" \/><\/a><\/div><div class=\"col-xs-6 col-sm-3 col-lg-3\"><a data-lightbox-gallery=\"615\" title=\"\" class=\"thumbnail img-thumbnail\" href='https:\/\/www.camp-pleinsoleil.ch\/histoire\/wp-content\/uploads\/2016\/05\/IMG_0923.jpg'><img loading=\"lazy\" decoding=\"async\" width=\"150\" height=\"150\" src=\"https:\/\/www.camp-pleinsoleil.ch\/histoire\/wp-content\/uploads\/2016\/05\/IMG_0923-150x150.jpg\" class=\"attachment-thumbnail size-thumbnail\" alt=\"\" \/><\/a><\/div><div class=\"col-xs-6 col-sm-3 col-lg-3\"><a data-lightbox-gallery=\"615\" title=\"\" class=\"thumbnail img-thumbnail\" href='https:\/\/www.camp-pleinsoleil.ch\/histoire\/wp-content\/uploads\/2016\/05\/IMG_0925.jpg'><img loading=\"lazy\" decoding=\"async\" width=\"150\" height=\"150\" src=\"https:\/\/www.camp-pleinsoleil.ch\/histoire\/wp-content\/uploads\/2016\/05\/IMG_0925-150x150.jpg\" class=\"attachment-thumbnail size-thumbnail\" alt=\"\" \/><\/a><\/div><\/div><div class=\"row gallery-row\"><div class=\"col-xs-6 col-sm-3 col-lg-3\"><a data-lightbox-gallery=\"615\" title=\"\" class=\"thumbnail img-thumbnail\" href='https:\/\/www.camp-pleinsoleil.ch\/histoire\/wp-content\/uploads\/2016\/05\/IMG_0927.jpg'><img loading=\"lazy\" decoding=\"async\" width=\"150\" height=\"150\" src=\"https:\/\/www.camp-pleinsoleil.ch\/histoire\/wp-content\/uploads\/2016\/05\/IMG_0927-150x150.jpg\" class=\"attachment-thumbnail size-thumbnail\" alt=\"\" \/><\/a><\/div><div class=\"col-xs-6 col-sm-3 col-lg-3\"><a data-lightbox-gallery=\"615\" title=\"\" class=\"thumbnail img-thumbnail\" href='https:\/\/www.camp-pleinsoleil.ch\/histoire\/wp-content\/uploads\/2016\/05\/IMG_0928.jpg'><img loading=\"lazy\" decoding=\"async\" width=\"150\" height=\"150\" src=\"https:\/\/www.camp-pleinsoleil.ch\/histoire\/wp-content\/uploads\/2016\/05\/IMG_0928-150x150.jpg\" class=\"attachment-thumbnail size-thumbnail\" alt=\"\" \/><\/a><\/div><div class=\"col-xs-6 col-sm-3 col-lg-3\"><a data-lightbox-gallery=\"615\" title=\"\" class=\"thumbnail img-thumbnail\" href='https:\/\/www.camp-pleinsoleil.ch\/histoire\/wp-content\/uploads\/2016\/05\/IMG_0926.jpg'><img loading=\"lazy\" decoding=\"async\" width=\"150\" height=\"150\" src=\"https:\/\/www.camp-pleinsoleil.ch\/histoire\/wp-content\/uploads\/2016\/05\/IMG_0926-150x150.jpg\" class=\"attachment-thumbnail size-thumbnail\" alt=\"\" \/><\/a><\/div><div class=\"col-xs-6 col-sm-3 col-lg-3\"><a data-lightbox-gallery=\"615\" title=\"\" class=\"thumbnail img-thumbnail\" href='https:\/\/www.camp-pleinsoleil.ch\/histoire\/wp-content\/uploads\/2016\/05\/IMG_9311.jpg'><img loading=\"lazy\" decoding=\"async\" width=\"150\" height=\"150\" src=\"https:\/\/www.camp-pleinsoleil.ch\/histoire\/wp-content\/uploads\/2016\/05\/IMG_9311-150x150.jpg\" class=\"attachment-thumbnail size-thumbnail\" alt=\"\" \/><\/a><\/div><\/div><div class=\"row gallery-row\"><div class=\"col-xs-6 col-sm-3 col-lg-3\"><a data-lightbox-gallery=\"615\" title=\"\" class=\"thumbnail img-thumbnail\" href='https:\/\/www.camp-pleinsoleil.ch\/histoire\/wp-content\/uploads\/2016\/05\/IMG_9308.jpg'><img loading=\"lazy\" decoding=\"async\" width=\"150\" height=\"150\" src=\"https:\/\/www.camp-pleinsoleil.ch\/histoire\/wp-content\/uploads\/2016\/05\/IMG_9308-150x150.jpg\" class=\"attachment-thumbnail size-thumbnail\" alt=\"\" srcset=\"https:\/\/www.camp-pleinsoleil.ch\/histoire\/wp-content\/uploads\/2016\/05\/IMG_9308-150x150.jpg 150w, https:\/\/www.camp-pleinsoleil.ch\/histoire\/wp-content\/uploads\/2016\/05\/IMG_9308-300x300.jpg 300w, https:\/\/www.camp-pleinsoleil.ch\/histoire\/wp-content\/uploads\/2016\/05\/IMG_9308-768x768.jpg 768w, https:\/\/www.camp-pleinsoleil.ch\/histoire\/wp-content\/uploads\/2016\/05\/IMG_9308.jpg 800w\" sizes=\"auto, (max-width: 150px) 100vw, 150px\" \/><\/a><\/div><div class=\"col-xs-6 col-sm-3 col-lg-3\"><a data-lightbox-gallery=\"615\" title=\"\" class=\"thumbnail img-thumbnail\" href='https:\/\/www.camp-pleinsoleil.ch\/histoire\/wp-content\/uploads\/2016\/05\/IMG_9301.jpg'><img loading=\"lazy\" decoding=\"async\" width=\"150\" height=\"150\" src=\"https:\/\/www.camp-pleinsoleil.ch\/histoire\/wp-content\/uploads\/2016\/05\/IMG_9301-150x150.jpg\" class=\"attachment-thumbnail size-thumbnail\" alt=\"\" \/><\/a><\/div><\/div><\/div>\n","protected":false},"excerpt":{"rendered":"<p>Cette semaine, le village de Ravoire et la commune de Martigny-Combe sont \u00e0 l\u2019honneur sur les ondes de la Radio romande. Laurence Bisang et toute l\u2019\u00e9quipe des \u00abDicodeurs\u00bb ont en effet pos\u00e9 micros et mat\u00e9riel technique \u00e0 la colonie Plein &hellip; <a href=\"https:\/\/www.camp-pleinsoleil.ch\/histoire\/les-dicodeurs-a-la-colonie-de-ravoire\/\">Continued<\/a><\/p>\n","protected":false},"author":1,"featured_media":616,"comment_status":"closed","ping_status":"closed","sticky":false,"template":"","format":"gallery","meta":{"footnotes":""},"categories":[22],"tags":[],"class_list":["post-615","post","type-post","status-publish","format-gallery","has-post-thumbnail","hentry","category-manifestations","post_format-post-format-gallery","dwtl normal"],"_links":{"self":[{"href":"https:\/\/www.camp-pleinsoleil.ch\/histoire\/wp-json\/wp\/v2\/posts\/615","targetHints":{"allow":["GET"]}}],"collection":[{"href":"https:\/\/www.camp-pleinsoleil.ch\/histoire\/wp-json\/wp\/v2\/posts"}],"about":[{"href":"https:\/\/www.camp-pleinsoleil.ch\/histoire\/wp-json\/wp\/v2\/types\/post"}],"author":[{"embeddable":true,"href":"https:\/\/www.camp-pleinsoleil.ch\/histoire\/wp-json\/wp\/v2\/users\/1"}],"replies":[{"embeddable":true,"href":"https:\/\/www.camp-pleinsoleil.ch\/histoire\/wp-json\/wp\/v2\/comments?post=615"}],"version-history":[{"count":4,"href":"https:\/\/www.camp-pleinsoleil.ch\/histoire\/wp-json\/wp\/v2\/posts\/615\/revisions"}],"predecessor-version":[{"id":1321,"href":"https:\/\/www.camp-pleinsoleil.ch\/histoire\/wp-json\/wp\/v2\/posts\/615\/revisions\/1321"}],"wp:featuredmedia":[{"embeddable":true,"href":"https:\/\/www.camp-pleinsoleil.ch\/histoire\/wp-json\/wp\/v2\/media\/616"}],"wp:attachment":[{"href":"https:\/\/www.camp-pleinsoleil.ch\/histoire\/wp-json\/wp\/v2\/media?parent=615"}],"wp:term":[{"taxonomy":"category","embeddable":true,"href":"https:\/\/www.camp-pleinsoleil.ch\/histoire\/wp-json\/wp\/v2\/categories?post=615"},{"taxonomy":"post_tag","embeddable":true,"href":"https:\/\/www.camp-pleinsoleil.ch\/histoire\/wp-json\/wp\/v2\/tags?post=615"}],"curies":[{"name":"wp","href":"https:\/\/api.w.org\/{rel}","templated":true}]}}