{"id":637,"date":"1995-06-11T20:48:08","date_gmt":"1995-06-11T18:48:08","guid":{"rendered":"https:\/\/www.coloniederavoire.ch\/histoire\/?p=637"},"modified":"2016-05-30T20:49:28","modified_gmt":"2016-05-30T18:49:28","slug":"logo-de-la-colonie-pour-les-40-ans","status":"publish","type":"post","link":"https:\/\/www.camp-pleinsoleil.ch\/histoire\/logo-de-la-colonie-pour-les-40-ans\/","title":{"rendered":"Logo de la Colonie pour les 40 ans"},"content":{"rendered":"<p>Logo r\u00e9alis\u00e9 par Dominique Formaz \u00e0 l&rsquo;occasion des 40 ans de la Colonie de Ravoire<\/p>\n","protected":false},"excerpt":{"rendered":"<p>Logo r\u00e9alis\u00e9 par Dominique Formaz \u00e0 l&rsquo;occasion des 40 ans de la Colonie de Ravoire<\/p>\n","protected":false},"author":1,"featured_media":638,"comment_status":"closed","ping_status":"closed","sticky":false,"template":"","format":"image","meta":{"footnotes":""},"categories":[24,22],"tags":[],"class_list":["post-637","post","type-post","status-publish","format-image","has-post-thumbnail","hentry","category-documents","category-manifestations","post_format-post-format-image","dwtl normal"],"_links":{"self":[{"href":"https:\/\/www.camp-pleinsoleil.ch\/histoire\/wp-json\/wp\/v2\/posts\/637","targetHints":{"allow":["GET"]}}],"collection":[{"href":"https:\/\/www.camp-pleinsoleil.ch\/histoire\/wp-json\/wp\/v2\/posts"}],"about":[{"href":"https:\/\/www.camp-pleinsoleil.ch\/histoire\/wp-json\/wp\/v2\/types\/post"}],"author":[{"embeddable":true,"href":"https:\/\/www.camp-pleinsoleil.ch\/histoire\/wp-json\/wp\/v2\/users\/1"}],"replies":[{"embeddable":true,"href":"https:\/\/www.camp-pleinsoleil.ch\/histoire\/wp-json\/wp\/v2\/comments?post=637"}],"version-history":[{"count":1,"href":"https:\/\/www.camp-pleinsoleil.ch\/histoire\/wp-json\/wp\/v2\/posts\/637\/revisions"}],"predecessor-version":[{"id":639,"href":"https:\/\/www.camp-pleinsoleil.ch\/histoire\/wp-json\/wp\/v2\/posts\/637\/revisions\/639"}],"wp:featuredmedia":[{"embeddable":true,"href":"https:\/\/www.camp-pleinsoleil.ch\/histoire\/wp-json\/wp\/v2\/media\/638"}],"wp:attachment":[{"href":"https:\/\/www.camp-pleinsoleil.ch\/histoire\/wp-json\/wp\/v2\/media?parent=637"}],"wp:term":[{"taxonomy":"category","embeddable":true,"href":"https:\/\/www.camp-pleinsoleil.ch\/histoire\/wp-json\/wp\/v2\/categories?post=637"},{"taxonomy":"post_tag","embeddable":true,"href":"https:\/\/www.camp-pleinsoleil.ch\/histoire\/wp-json\/wp\/v2\/tags?post=637"}],"curies":[{"name":"wp","href":"https:\/\/api.w.org\/{rel}","templated":true}]}}