{"id":669,"date":"1949-02-01T11:09:30","date_gmt":"1949-02-01T10:09:30","guid":{"rendered":"https:\/\/www.coloniederavoire.ch\/histoire\/?p=669"},"modified":"2016-06-08T11:16:04","modified_gmt":"2016-06-08T09:16:04","slug":"creation-de-la-colonie-de-vacances-de-martigny-ville","status":"publish","type":"post","link":"https:\/\/www.camp-pleinsoleil.ch\/histoire\/creation-de-la-colonie-de-vacances-de-martigny-ville\/","title":{"rendered":"Cr\u00e9ation de la Colonie de Vacances de Martigny-Ville"},"content":{"rendered":"<p style=\"text-align: justify;\">La colonie de vacances de Martigny-Ville, sous l\u2019impulsion de Mm. Ad. Morand et Denis Puippe, a \u00e9t\u00e9 fond\u00e9e en 1949 et avait Champex comme lieu de s\u00e9jour avec 22 lits.<\/p>\n","protected":false},"excerpt":{"rendered":"<p>La colonie de vacances de Martigny-Ville, sous l\u2019impulsion de Mm. Ad. Morand et Denis Puippe, a \u00e9t\u00e9 fond\u00e9e en 1949 et avait Champex comme lieu de s\u00e9jour avec 22 lits.<\/p>\n","protected":false},"author":1,"featured_media":670,"comment_status":"closed","ping_status":"closed","sticky":false,"template":"","format":"gallery","meta":{"footnotes":""},"categories":[21,1],"tags":[],"class_list":["post-669","post","type-post","status-publish","format-gallery","has-post-thumbnail","hentry","category-camps-de-vacances","category-dates-cles","post_format-post-format-gallery","dwtl full"],"_links":{"self":[{"href":"https:\/\/www.camp-pleinsoleil.ch\/histoire\/wp-json\/wp\/v2\/posts\/669","targetHints":{"allow":["GET"]}}],"collection":[{"href":"https:\/\/www.camp-pleinsoleil.ch\/histoire\/wp-json\/wp\/v2\/posts"}],"about":[{"href":"https:\/\/www.camp-pleinsoleil.ch\/histoire\/wp-json\/wp\/v2\/types\/post"}],"author":[{"embeddable":true,"href":"https:\/\/www.camp-pleinsoleil.ch\/histoire\/wp-json\/wp\/v2\/users\/1"}],"replies":[{"embeddable":true,"href":"https:\/\/www.camp-pleinsoleil.ch\/histoire\/wp-json\/wp\/v2\/comments?post=669"}],"version-history":[{"count":1,"href":"https:\/\/www.camp-pleinsoleil.ch\/histoire\/wp-json\/wp\/v2\/posts\/669\/revisions"}],"predecessor-version":[{"id":671,"href":"https:\/\/www.camp-pleinsoleil.ch\/histoire\/wp-json\/wp\/v2\/posts\/669\/revisions\/671"}],"wp:featuredmedia":[{"embeddable":true,"href":"https:\/\/www.camp-pleinsoleil.ch\/histoire\/wp-json\/wp\/v2\/media\/670"}],"wp:attachment":[{"href":"https:\/\/www.camp-pleinsoleil.ch\/histoire\/wp-json\/wp\/v2\/media?parent=669"}],"wp:term":[{"taxonomy":"category","embeddable":true,"href":"https:\/\/www.camp-pleinsoleil.ch\/histoire\/wp-json\/wp\/v2\/categories?post=669"},{"taxonomy":"post_tag","embeddable":true,"href":"https:\/\/www.camp-pleinsoleil.ch\/histoire\/wp-json\/wp\/v2\/tags?post=669"}],"curies":[{"name":"wp","href":"https:\/\/api.w.org\/{rel}","templated":true}]}}