{"id":672,"date":"1952-06-08T11:20:04","date_gmt":"1952-06-08T10:20:04","guid":{"rendered":"https:\/\/www.coloniederavoire.ch\/histoire\/?p=672"},"modified":"2016-06-08T11:20:16","modified_gmt":"2016-06-08T09:20:16","slug":"creation-de-la-colonie-de-vacances-de-martigny-bourg","status":"publish","type":"post","link":"https:\/\/www.camp-pleinsoleil.ch\/histoire\/creation-de-la-colonie-de-vacances-de-martigny-bourg\/","title":{"rendered":"Cr\u00e9ation de la Colonie de Vacances de Martigny-Bourg"},"content":{"rendered":"<p>La colonie de vacances de Martigny-Bourg fut fond\u00e9e en 1952 et \u00e9lit domicile aussi \u00e0 Champex, sans le voisinage imm\u00e9diat du chalet de la ville.<\/p>\n","protected":false},"excerpt":{"rendered":"<p>La colonie de vacances de Martigny-Bourg fut fond\u00e9e en 1952 et \u00e9lit domicile aussi \u00e0 Champex, sans le voisinage imm\u00e9diat du chalet de la ville.<\/p>\n","protected":false},"author":1,"featured_media":673,"comment_status":"closed","ping_status":"closed","sticky":false,"template":"","format":"image","meta":{"footnotes":""},"categories":[21,1],"tags":[],"class_list":["post-672","post","type-post","status-publish","format-image","has-post-thumbnail","hentry","category-camps-de-vacances","category-dates-cles","post_format-post-format-image","dwtl full"],"_links":{"self":[{"href":"https:\/\/www.camp-pleinsoleil.ch\/histoire\/wp-json\/wp\/v2\/posts\/672","targetHints":{"allow":["GET"]}}],"collection":[{"href":"https:\/\/www.camp-pleinsoleil.ch\/histoire\/wp-json\/wp\/v2\/posts"}],"about":[{"href":"https:\/\/www.camp-pleinsoleil.ch\/histoire\/wp-json\/wp\/v2\/types\/post"}],"author":[{"embeddable":true,"href":"https:\/\/www.camp-pleinsoleil.ch\/histoire\/wp-json\/wp\/v2\/users\/1"}],"replies":[{"embeddable":true,"href":"https:\/\/www.camp-pleinsoleil.ch\/histoire\/wp-json\/wp\/v2\/comments?post=672"}],"version-history":[{"count":1,"href":"https:\/\/www.camp-pleinsoleil.ch\/histoire\/wp-json\/wp\/v2\/posts\/672\/revisions"}],"predecessor-version":[{"id":674,"href":"https:\/\/www.camp-pleinsoleil.ch\/histoire\/wp-json\/wp\/v2\/posts\/672\/revisions\/674"}],"wp:featuredmedia":[{"embeddable":true,"href":"https:\/\/www.camp-pleinsoleil.ch\/histoire\/wp-json\/wp\/v2\/media\/673"}],"wp:attachment":[{"href":"https:\/\/www.camp-pleinsoleil.ch\/histoire\/wp-json\/wp\/v2\/media?parent=672"}],"wp:term":[{"taxonomy":"category","embeddable":true,"href":"https:\/\/www.camp-pleinsoleil.ch\/histoire\/wp-json\/wp\/v2\/categories?post=672"},{"taxonomy":"post_tag","embeddable":true,"href":"https:\/\/www.camp-pleinsoleil.ch\/histoire\/wp-json\/wp\/v2\/tags?post=672"}],"curies":[{"name":"wp","href":"https:\/\/api.w.org\/{rel}","templated":true}]}}