{"id":707,"date":"2010-10-25T11:51:47","date_gmt":"2010-10-25T09:51:47","guid":{"rendered":"https:\/\/www.coloniederavoire.ch\/histoire\/?p=707"},"modified":"2016-06-08T11:57:39","modified_gmt":"2016-06-08T09:57:39","slug":"premier-sejour-dautomne","status":"publish","type":"post","link":"https:\/\/www.camp-pleinsoleil.ch\/histoire\/premier-sejour-dautomne\/","title":{"rendered":"Premier s\u00e9jour d&rsquo;Automne"},"content":{"rendered":"<p style=\"text-align: justify;\">En 2010, la colonie de Ravoire innove \u00e0 nouveau et organise\u00a0son premier camp en automne. Un rayon de Soleil au milieu de l\u2019Automne ! Quoi de plus sympa que de passer une partie des vacances d\u2019automne \u00e0 la Colonie de Ravoire, entour\u00e9 de ses camarades et amis ?<\/p>\n<p style=\"text-align: justify;\">Les journ\u00e9es sont rythm\u00e9es par les activit\u00e9s : matin\u00e9e \u00e0 la piscine, bowling, curling, journ\u00e9e d\u2019Halloween, bal masqu\u00e9, karaok\u00e9, balade, bricolage, salle de jeux, sports, etc. Une semaine pour les 6 \u00e0 12 ans \u00e0 Ravoire.<\/p>\n<div class=\"gallery gallery-707-1\"><div class=\"row gallery-row\"><div class=\"col-xs-6 col-sm-3 col-lg-3\"><a data-lightbox-gallery=\"707\" title=\"\" class=\"thumbnail img-thumbnail\" href='https:\/\/www.camp-pleinsoleil.ch\/histoire\/wp-content\/uploads\/2016\/06\/0211.jpg'><img loading=\"lazy\" decoding=\"async\" width=\"150\" height=\"150\" src=\"https:\/\/www.camp-pleinsoleil.ch\/histoire\/wp-content\/uploads\/2016\/06\/0211-150x150.jpg\" class=\"attachment-thumbnail size-thumbnail\" alt=\"\" \/><\/a><\/div><div class=\"col-xs-6 col-sm-3 col-lg-3\"><a data-lightbox-gallery=\"707\" title=\"\" class=\"thumbnail img-thumbnail\" href='https:\/\/www.camp-pleinsoleil.ch\/histoire\/wp-content\/uploads\/2016\/06\/0311.jpg'><img loading=\"lazy\" decoding=\"async\" width=\"150\" height=\"150\" src=\"https:\/\/www.camp-pleinsoleil.ch\/histoire\/wp-content\/uploads\/2016\/06\/0311-150x150.jpg\" class=\"attachment-thumbnail size-thumbnail\" alt=\"\" \/><\/a><\/div><div class=\"col-xs-6 col-sm-3 col-lg-3\"><a data-lightbox-gallery=\"707\" title=\"\" class=\"thumbnail img-thumbnail\" href='https:\/\/www.camp-pleinsoleil.ch\/histoire\/wp-content\/uploads\/2016\/06\/0612.jpg'><img loading=\"lazy\" decoding=\"async\" width=\"150\" height=\"150\" src=\"https:\/\/www.camp-pleinsoleil.ch\/histoire\/wp-content\/uploads\/2016\/06\/0612-150x150.jpg\" class=\"attachment-thumbnail size-thumbnail\" alt=\"\" \/><\/a><\/div><div class=\"col-xs-6 col-sm-3 col-lg-3\"><a data-lightbox-gallery=\"707\" title=\"\" class=\"thumbnail img-thumbnail\" href='https:\/\/www.camp-pleinsoleil.ch\/histoire\/wp-content\/uploads\/2016\/06\/1072.jpg'><img loading=\"lazy\" decoding=\"async\" width=\"150\" height=\"150\" src=\"https:\/\/www.camp-pleinsoleil.ch\/histoire\/wp-content\/uploads\/2016\/06\/1072-150x150.jpg\" class=\"attachment-thumbnail size-thumbnail\" alt=\"\" \/><\/a><\/div><\/div><div class=\"row gallery-row\"><div class=\"col-xs-6 col-sm-3 col-lg-3\"><a data-lightbox-gallery=\"707\" title=\"\" class=\"thumbnail img-thumbnail\" href='https:\/\/www.camp-pleinsoleil.ch\/histoire\/wp-content\/uploads\/2016\/06\/1183.jpg'><img loading=\"lazy\" decoding=\"async\" width=\"150\" height=\"150\" src=\"https:\/\/www.camp-pleinsoleil.ch\/histoire\/wp-content\/uploads\/2016\/06\/1183-150x150.jpg\" class=\"attachment-thumbnail size-thumbnail\" alt=\"\" \/><\/a><\/div><div class=\"col-xs-6 col-sm-3 col-lg-3\"><a data-lightbox-gallery=\"707\" title=\"\" class=\"thumbnail img-thumbnail\" href='https:\/\/www.camp-pleinsoleil.ch\/histoire\/wp-content\/uploads\/2016\/06\/1262.jpg'><img loading=\"lazy\" decoding=\"async\" width=\"150\" height=\"150\" src=\"https:\/\/www.camp-pleinsoleil.ch\/histoire\/wp-content\/uploads\/2016\/06\/1262-150x150.jpg\" class=\"attachment-thumbnail size-thumbnail\" alt=\"\" \/><\/a><\/div><div class=\"col-xs-6 col-sm-3 col-lg-3\"><a data-lightbox-gallery=\"707\" title=\"\" class=\"thumbnail img-thumbnail\" href='https:\/\/www.camp-pleinsoleil.ch\/histoire\/wp-content\/uploads\/2016\/06\/1421.jpg'><img loading=\"lazy\" decoding=\"async\" width=\"150\" height=\"150\" src=\"https:\/\/www.camp-pleinsoleil.ch\/histoire\/wp-content\/uploads\/2016\/06\/1421-150x150.jpg\" class=\"attachment-thumbnail size-thumbnail\" alt=\"\" \/><\/a><\/div><div class=\"col-xs-6 col-sm-3 col-lg-3\"><a data-lightbox-gallery=\"707\" title=\"\" class=\"thumbnail img-thumbnail\" href='https:\/\/www.camp-pleinsoleil.ch\/histoire\/wp-content\/uploads\/2016\/06\/1551.jpg'><img loading=\"lazy\" decoding=\"async\" width=\"150\" height=\"150\" src=\"https:\/\/www.camp-pleinsoleil.ch\/histoire\/wp-content\/uploads\/2016\/06\/1551-150x150.jpg\" class=\"attachment-thumbnail size-thumbnail\" alt=\"\" \/><\/a><\/div><\/div><div class=\"row gallery-row\"><div class=\"col-xs-6 col-sm-3 col-lg-3\"><a data-lightbox-gallery=\"707\" title=\"\" class=\"thumbnail img-thumbnail\" href='https:\/\/www.camp-pleinsoleil.ch\/histoire\/wp-content\/uploads\/2016\/06\/1791.jpg'><img loading=\"lazy\" decoding=\"async\" width=\"150\" height=\"150\" src=\"https:\/\/www.camp-pleinsoleil.ch\/histoire\/wp-content\/uploads\/2016\/06\/1791-150x150.jpg\" class=\"attachment-thumbnail size-thumbnail\" alt=\"\" \/><\/a><\/div><div class=\"col-xs-6 col-sm-3 col-lg-3\"><a data-lightbox-gallery=\"707\" title=\"\" class=\"thumbnail img-thumbnail\" href='https:\/\/www.camp-pleinsoleil.ch\/histoire\/wp-content\/uploads\/2016\/06\/1892.jpg'><img loading=\"lazy\" decoding=\"async\" width=\"150\" height=\"150\" src=\"https:\/\/www.camp-pleinsoleil.ch\/histoire\/wp-content\/uploads\/2016\/06\/1892-150x150.jpg\" class=\"attachment-thumbnail size-thumbnail\" alt=\"\" \/><\/a><\/div><div class=\"col-xs-6 col-sm-3 col-lg-3\"><a data-lightbox-gallery=\"707\" title=\"\" class=\"thumbnail img-thumbnail\" href='https:\/\/www.camp-pleinsoleil.ch\/histoire\/wp-content\/uploads\/2016\/06\/2251.jpg'><img loading=\"lazy\" decoding=\"async\" width=\"150\" height=\"150\" src=\"https:\/\/www.camp-pleinsoleil.ch\/histoire\/wp-content\/uploads\/2016\/06\/2251-150x150.jpg\" class=\"attachment-thumbnail size-thumbnail\" alt=\"\" \/><\/a><\/div><div class=\"col-xs-6 col-sm-3 col-lg-3\"><a data-lightbox-gallery=\"707\" title=\"\" class=\"thumbnail img-thumbnail\" href='https:\/\/www.camp-pleinsoleil.ch\/histoire\/wp-content\/uploads\/2016\/06\/2291.jpg'><img loading=\"lazy\" decoding=\"async\" width=\"150\" height=\"150\" src=\"https:\/\/www.camp-pleinsoleil.ch\/histoire\/wp-content\/uploads\/2016\/06\/2291-150x150.jpg\" class=\"attachment-thumbnail size-thumbnail\" alt=\"\" \/><\/a><\/div><\/div><div class=\"row gallery-row\"><div class=\"col-xs-6 col-sm-3 col-lg-3\"><a data-lightbox-gallery=\"707\" title=\"\" class=\"thumbnail img-thumbnail\" href='https:\/\/www.camp-pleinsoleil.ch\/histoire\/wp-content\/uploads\/2016\/06\/2391.jpg'><img loading=\"lazy\" decoding=\"async\" width=\"150\" height=\"150\" src=\"https:\/\/www.camp-pleinsoleil.ch\/histoire\/wp-content\/uploads\/2016\/06\/2391-150x150.jpg\" class=\"attachment-thumbnail size-thumbnail\" alt=\"\" \/><\/a><\/div><div class=\"col-xs-6 col-sm-3 col-lg-3\"><a data-lightbox-gallery=\"707\" title=\"\" class=\"thumbnail img-thumbnail\" href='https:\/\/www.camp-pleinsoleil.ch\/histoire\/wp-content\/uploads\/2016\/06\/3101.jpg'><img loading=\"lazy\" decoding=\"async\" width=\"150\" height=\"150\" src=\"https:\/\/www.camp-pleinsoleil.ch\/histoire\/wp-content\/uploads\/2016\/06\/3101-150x150.jpg\" class=\"attachment-thumbnail size-thumbnail\" alt=\"\" \/><\/a><\/div><div class=\"col-xs-6 col-sm-3 col-lg-3\"><a data-lightbox-gallery=\"707\" title=\"\" class=\"thumbnail img-thumbnail\" href='https:\/\/www.camp-pleinsoleil.ch\/histoire\/wp-content\/uploads\/2016\/06\/3221.jpg'><img loading=\"lazy\" decoding=\"async\" width=\"150\" height=\"150\" src=\"https:\/\/www.camp-pleinsoleil.ch\/histoire\/wp-content\/uploads\/2016\/06\/3221-150x150.jpg\" class=\"attachment-thumbnail size-thumbnail\" alt=\"\" \/><\/a><\/div><div class=\"col-xs-6 col-sm-3 col-lg-3\"><a data-lightbox-gallery=\"707\" title=\"\" class=\"thumbnail img-thumbnail\" href='https:\/\/www.camp-pleinsoleil.ch\/histoire\/wp-content\/uploads\/2016\/06\/3331.jpg'><img loading=\"lazy\" decoding=\"async\" width=\"150\" height=\"150\" src=\"https:\/\/www.camp-pleinsoleil.ch\/histoire\/wp-content\/uploads\/2016\/06\/3331-150x150.jpg\" class=\"attachment-thumbnail size-thumbnail\" alt=\"\" \/><\/a><\/div><\/div><div class=\"row gallery-row\"><div class=\"col-xs-6 col-sm-3 col-lg-3\"><a data-lightbox-gallery=\"707\" title=\"\" class=\"thumbnail img-thumbnail\" href='https:\/\/www.camp-pleinsoleil.ch\/histoire\/wp-content\/uploads\/2016\/06\/3421.jpg'><img loading=\"lazy\" decoding=\"async\" width=\"150\" height=\"150\" src=\"https:\/\/www.camp-pleinsoleil.ch\/histoire\/wp-content\/uploads\/2016\/06\/3421-150x150.jpg\" class=\"attachment-thumbnail size-thumbnail\" alt=\"\" \/><\/a><\/div><\/div><\/div>\n","protected":false},"excerpt":{"rendered":"<p>En 2010, la colonie de Ravoire innove \u00e0 nouveau et organise\u00a0son premier camp en automne. Un rayon de Soleil au milieu de l\u2019Automne ! Quoi de plus sympa que de passer une partie des vacances d\u2019automne \u00e0 la Colonie de &hellip; <a href=\"https:\/\/www.camp-pleinsoleil.ch\/histoire\/premier-sejour-dautomne\/\">Continued<\/a><\/p>\n","protected":false},"author":1,"featured_media":725,"comment_status":"closed","ping_status":"closed","sticky":false,"template":"","format":"image","meta":{"footnotes":""},"categories":[21,1],"tags":[],"class_list":["post-707","post","type-post","status-publish","format-image","has-post-thumbnail","hentry","category-camps-de-vacances","category-dates-cles","post_format-post-format-image","dwtl normal"],"_links":{"self":[{"href":"https:\/\/www.camp-pleinsoleil.ch\/histoire\/wp-json\/wp\/v2\/posts\/707","targetHints":{"allow":["GET"]}}],"collection":[{"href":"https:\/\/www.camp-pleinsoleil.ch\/histoire\/wp-json\/wp\/v2\/posts"}],"about":[{"href":"https:\/\/www.camp-pleinsoleil.ch\/histoire\/wp-json\/wp\/v2\/types\/post"}],"author":[{"embeddable":true,"href":"https:\/\/www.camp-pleinsoleil.ch\/histoire\/wp-json\/wp\/v2\/users\/1"}],"replies":[{"embeddable":true,"href":"https:\/\/www.camp-pleinsoleil.ch\/histoire\/wp-json\/wp\/v2\/comments?post=707"}],"version-history":[{"count":1,"href":"https:\/\/www.camp-pleinsoleil.ch\/histoire\/wp-json\/wp\/v2\/posts\/707\/revisions"}],"predecessor-version":[{"id":726,"href":"https:\/\/www.camp-pleinsoleil.ch\/histoire\/wp-json\/wp\/v2\/posts\/707\/revisions\/726"}],"wp:featuredmedia":[{"embeddable":true,"href":"https:\/\/www.camp-pleinsoleil.ch\/histoire\/wp-json\/wp\/v2\/media\/725"}],"wp:attachment":[{"href":"https:\/\/www.camp-pleinsoleil.ch\/histoire\/wp-json\/wp\/v2\/media?parent=707"}],"wp:term":[{"taxonomy":"category","embeddable":true,"href":"https:\/\/www.camp-pleinsoleil.ch\/histoire\/wp-json\/wp\/v2\/categories?post=707"},{"taxonomy":"post_tag","embeddable":true,"href":"https:\/\/www.camp-pleinsoleil.ch\/histoire\/wp-json\/wp\/v2\/tags?post=707"}],"curies":[{"name":"wp","href":"https:\/\/api.w.org\/{rel}","templated":true}]}}